{"id":137411,"date":"2019-11-13T11:00:57","date_gmt":"2019-11-13T11:00:57","guid":{"rendered":"https:\/\/ehme.eu\/?p=137411"},"modified":"2019-11-13T11:00:57","modified_gmt":"2019-11-13T11:00:57","slug":"euskadiko-ikasleen-jazz-orkestra-eijo","status":"publish","type":"post","link":"https:\/\/ehme.eu\/es\/euskadiko-ikasleen-jazz-orkestra-eijo\/","title":{"rendered":"EUSKADIKO IKASLEEN JAZZ ORKESTRA &#8211; EIJO"},"content":{"rendered":"<p><span style=\"mso-spacerun: 'yes'; font-size: 12pt; font-family: ArialMT; color: #000000;\">Desde los Conservatorios de M\u00fasica \u00abJes\u00fas Guridi\u00bb de Vitoria-Gasteiz, \u201cJuan <\/span><span style=\"mso-spacerun: 'yes'; font-size: 12pt; font-family: ArialMT; color: #000000;\">Cris\u00f3stomo de Arriaga\u201d de Bilbao y \u201cFrancisco Escudero\u201d de Donostia, con el <\/span><span style=\"mso-spacerun: 'yes'; font-size: 12pt; font-family: ArialMT; color: #000000;\">patrocinio del Dpto.de Educaci\u00f3n del Gobierno Vasco es un placer comunicaros que <\/span><span style=\"mso-spacerun: 'yes'; font-size: 12pt; font-family: ArialMT; color: #000000;\">el proyecto EIJO (Euskadiko Ikasleen Jazz Orkestra) contin\u00faa en marcha durante <\/span><span style=\"color: #000000; font-family: ArialMT; font-size: 12pt;\">este curso 2019-20.<\/span><span style=\"font-family: verdana,sans-serif;\"><span style=\"font-size: 12pt;\">\u00a0<\/span><br \/>\n<\/span><\/p>\n<p>Os animamos a participar en este proyecto, sobre todo si te gusta la m\u00fasica jazz.<\/p>\n<p>Informazioa guztia: <a style=\"font-size: large;\" href=\"http:\/\/www.eijoweb.com\/\" target=\"_blank\" rel=\"noopener noreferrer\">www.eijoweb.com<\/a><\/p>\n","protected":false},"excerpt":{"rendered":"<p>Desde los Conservatorios de M\u00fasica \u00abJes\u00fas Guridi\u00bb de Vitoria-Gasteiz, \u201cJuan Cris\u00f3stomo de Arriaga\u201d de Bilbao y \u201cFrancisco Escudero\u201d de Donostia, con el patrocinio del Dpto.de Educaci\u00f3n del Gobierno Vasco es un placer comunicaros que el proyecto EIJO (Euskadiko Ikasleen Jazz Orkestra) contin\u00faa en marcha durante este curso 2019-20.\u00a0 Os animamos a participar en este proyecto, [&hellip;]<\/p>\n","protected":false},"author":9,"featured_media":137412,"comment_status":"open","ping_status":"open","sticky":false,"template":"","format":"standard","meta":{"footnotes":""},"categories":[540],"tags":[],"class_list":["post-137411","post","type-post","status-publish","format-standard","has-post-thumbnail","hentry","category-noticias"],"yoast_head":"<!-- This site is optimized with the Yoast SEO plugin v27.5 - https:\/\/yoast.com\/product\/yoast-seo-wordpress\/ -->\n<title>EUSKADIKO IKASLEEN JAZZ ORKESTRA - EIJO - EHME<\/title>\n<meta name=\"robots\" content=\"index, follow, max-snippet:-1, max-image-preview:large, max-video-preview:-1\" \/>\n<link rel=\"canonical\" href=\"https:\/\/ehme.eu\/euskadiko-ikasleen-jazz-orkestra-eijo\/\" \/>\n<meta property=\"og:locale\" content=\"es_ES\" \/>\n<meta property=\"og:type\" content=\"article\" \/>\n<meta property=\"og:title\" content=\"EUSKADIKO IKASLEEN JAZZ ORKESTRA - EIJO - EHME\" \/>\n<meta property=\"og:description\" content=\"Desde los Conservatorios de M\u00fasica \u00abJes\u00fas Guridi\u00bb de Vitoria-Gasteiz, \u201cJuan Cris\u00f3stomo de Arriaga\u201d de Bilbao y \u201cFrancisco Escudero\u201d de Donostia, con el patrocinio del Dpto.de Educaci\u00f3n del Gobierno Vasco es un placer comunicaros que el proyecto EIJO (Euskadiko Ikasleen Jazz Orkestra) contin\u00faa en marcha durante este curso 2019-20.\u00a0 Os animamos a participar en este proyecto, [&hellip;]\" \/>\n<meta property=\"og:url\" content=\"https:\/\/ehme.eu\/euskadiko-ikasleen-jazz-orkestra-eijo\/\" \/>\n<meta property=\"og:site_name\" content=\"EHME\" \/>\n<meta property=\"article:published_time\" content=\"2019-11-13T11:00:57+00:00\" \/>\n<meta property=\"og:image\" content=\"https:\/\/ehme.eu\/wp-content\/uploads\/2019\/11\/logo.jpg\" \/>\n\t<meta property=\"og:image:width\" content=\"334\" \/>\n\t<meta property=\"og:image:height\" content=\"242\" \/>\n\t<meta property=\"og:image:type\" content=\"image\/jpeg\" \/>\n<meta name=\"author\" content=\"ehme_adm\" \/>\n<meta name=\"twitter:card\" content=\"summary_large_image\" \/>\n<meta name=\"twitter:label1\" content=\"Escrito por\" \/>\n\t<meta name=\"twitter:data1\" content=\"ehme_adm\" \/>\n<script type=\"application\/ld+json\" class=\"yoast-schema-graph\">{\"@context\":\"https:\\\/\\\/schema.org\",\"@graph\":[{\"@type\":\"Article\",\"@id\":\"https:\\\/\\\/ehme.eu\\\/euskadiko-ikasleen-jazz-orkestra-eijo\\\/#article\",\"isPartOf\":{\"@id\":\"https:\\\/\\\/ehme.eu\\\/euskadiko-ikasleen-jazz-orkestra-eijo\\\/\"},\"author\":{\"name\":\"ehme_adm\",\"@id\":\"https:\\\/\\\/ehme.eu\\\/#\\\/schema\\\/person\\\/c3c1df3a62236ae6a6ac35940724673f\"},\"headline\":\"EUSKADIKO IKASLEEN JAZZ ORKESTRA &#8211; EIJO\",\"datePublished\":\"2019-11-13T11:00:57+00:00\",\"mainEntityOfPage\":{\"@id\":\"https:\\\/\\\/ehme.eu\\\/euskadiko-ikasleen-jazz-orkestra-eijo\\\/\"},\"wordCount\":81,\"commentCount\":0,\"image\":{\"@id\":\"https:\\\/\\\/ehme.eu\\\/euskadiko-ikasleen-jazz-orkestra-eijo\\\/#primaryimage\"},\"thumbnailUrl\":\"https:\\\/\\\/ehme.eu\\\/wp-content\\\/uploads\\\/2019\\\/11\\\/logo.jpg\",\"articleSection\":[\"Noticias\"],\"inLanguage\":\"es\"},{\"@type\":\"WebPage\",\"@id\":\"https:\\\/\\\/ehme.eu\\\/euskadiko-ikasleen-jazz-orkestra-eijo\\\/\",\"url\":\"https:\\\/\\\/ehme.eu\\\/euskadiko-ikasleen-jazz-orkestra-eijo\\\/\",\"name\":\"EUSKADIKO IKASLEEN JAZZ ORKESTRA - EIJO - EHME\",\"isPartOf\":{\"@id\":\"https:\\\/\\\/ehme.eu\\\/#website\"},\"primaryImageOfPage\":{\"@id\":\"https:\\\/\\\/ehme.eu\\\/euskadiko-ikasleen-jazz-orkestra-eijo\\\/#primaryimage\"},\"image\":{\"@id\":\"https:\\\/\\\/ehme.eu\\\/euskadiko-ikasleen-jazz-orkestra-eijo\\\/#primaryimage\"},\"thumbnailUrl\":\"https:\\\/\\\/ehme.eu\\\/wp-content\\\/uploads\\\/2019\\\/11\\\/logo.jpg\",\"datePublished\":\"2019-11-13T11:00:57+00:00\",\"author\":{\"@id\":\"https:\\\/\\\/ehme.eu\\\/#\\\/schema\\\/person\\\/c3c1df3a62236ae6a6ac35940724673f\"},\"breadcrumb\":{\"@id\":\"https:\\\/\\\/ehme.eu\\\/euskadiko-ikasleen-jazz-orkestra-eijo\\\/#breadcrumb\"},\"inLanguage\":\"es\",\"potentialAction\":[{\"@type\":\"ReadAction\",\"target\":[\"https:\\\/\\\/ehme.eu\\\/euskadiko-ikasleen-jazz-orkestra-eijo\\\/\"]}]},{\"@type\":\"ImageObject\",\"inLanguage\":\"es\",\"@id\":\"https:\\\/\\\/ehme.eu\\\/euskadiko-ikasleen-jazz-orkestra-eijo\\\/#primaryimage\",\"url\":\"https:\\\/\\\/ehme.eu\\\/wp-content\\\/uploads\\\/2019\\\/11\\\/logo.jpg\",\"contentUrl\":\"https:\\\/\\\/ehme.eu\\\/wp-content\\\/uploads\\\/2019\\\/11\\\/logo.jpg\",\"width\":334,\"height\":242},{\"@type\":\"BreadcrumbList\",\"@id\":\"https:\\\/\\\/ehme.eu\\\/euskadiko-ikasleen-jazz-orkestra-eijo\\\/#breadcrumb\",\"itemListElement\":[{\"@type\":\"ListItem\",\"position\":1,\"name\":\"Portada\",\"item\":\"https:\\\/\\\/ehme.eu\\\/es\\\/\"},{\"@type\":\"ListItem\",\"position\":2,\"name\":\"EUSKADIKO IKASLEEN JAZZ ORKESTRA &#8211; EIJO\"}]},{\"@type\":\"WebSite\",\"@id\":\"https:\\\/\\\/ehme.eu\\\/#website\",\"url\":\"https:\\\/\\\/ehme.eu\\\/\",\"name\":\"EHME\",\"description\":\"Asociaci\u00f3n de Escuelas de M\u00fasica y Danza del Pa\u00eds Vasco\",\"potentialAction\":[{\"@type\":\"SearchAction\",\"target\":{\"@type\":\"EntryPoint\",\"urlTemplate\":\"https:\\\/\\\/ehme.eu\\\/?s={search_term_string}\"},\"query-input\":{\"@type\":\"PropertyValueSpecification\",\"valueRequired\":true,\"valueName\":\"search_term_string\"}}],\"inLanguage\":\"es\"},{\"@type\":\"Person\",\"@id\":\"https:\\\/\\\/ehme.eu\\\/#\\\/schema\\\/person\\\/c3c1df3a62236ae6a6ac35940724673f\",\"name\":\"ehme_adm\",\"image\":{\"@type\":\"ImageObject\",\"inLanguage\":\"es\",\"@id\":\"https:\\\/\\\/secure.gravatar.com\\\/avatar\\\/96ee52075299345544bd8a4cfa0e980cf23d506270bf1080483417c5f548a9dc?s=96&d=mm&r=g\",\"url\":\"https:\\\/\\\/secure.gravatar.com\\\/avatar\\\/96ee52075299345544bd8a4cfa0e980cf23d506270bf1080483417c5f548a9dc?s=96&d=mm&r=g\",\"contentUrl\":\"https:\\\/\\\/secure.gravatar.com\\\/avatar\\\/96ee52075299345544bd8a4cfa0e980cf23d506270bf1080483417c5f548a9dc?s=96&d=mm&r=g\",\"caption\":\"ehme_adm\"}}]}<\/script>\n<!-- \/ Yoast SEO plugin. -->","yoast_head_json":{"title":"EUSKADIKO IKASLEEN JAZZ ORKESTRA - EIJO - EHME","robots":{"index":"index","follow":"follow","max-snippet":"max-snippet:-1","max-image-preview":"max-image-preview:large","max-video-preview":"max-video-preview:-1"},"canonical":"https:\/\/ehme.eu\/euskadiko-ikasleen-jazz-orkestra-eijo\/","og_locale":"es_ES","og_type":"article","og_title":"EUSKADIKO IKASLEEN JAZZ ORKESTRA - EIJO - EHME","og_description":"Desde los Conservatorios de M\u00fasica \u00abJes\u00fas Guridi\u00bb de Vitoria-Gasteiz, \u201cJuan Cris\u00f3stomo de Arriaga\u201d de Bilbao y \u201cFrancisco Escudero\u201d de Donostia, con el patrocinio del Dpto.de Educaci\u00f3n del Gobierno Vasco es un placer comunicaros que el proyecto EIJO (Euskadiko Ikasleen Jazz Orkestra) contin\u00faa en marcha durante este curso 2019-20.\u00a0 Os animamos a participar en este proyecto, [&hellip;]","og_url":"https:\/\/ehme.eu\/euskadiko-ikasleen-jazz-orkestra-eijo\/","og_site_name":"EHME","article_published_time":"2019-11-13T11:00:57+00:00","og_image":[{"width":334,"height":242,"url":"https:\/\/ehme.eu\/wp-content\/uploads\/2019\/11\/logo.jpg","type":"image\/jpeg"}],"author":"ehme_adm","twitter_card":"summary_large_image","twitter_misc":{"Escrito por":"ehme_adm"},"schema":{"@context":"https:\/\/schema.org","@graph":[{"@type":"Article","@id":"https:\/\/ehme.eu\/euskadiko-ikasleen-jazz-orkestra-eijo\/#article","isPartOf":{"@id":"https:\/\/ehme.eu\/euskadiko-ikasleen-jazz-orkestra-eijo\/"},"author":{"name":"ehme_adm","@id":"https:\/\/ehme.eu\/#\/schema\/person\/c3c1df3a62236ae6a6ac35940724673f"},"headline":"EUSKADIKO IKASLEEN JAZZ ORKESTRA &#8211; EIJO","datePublished":"2019-11-13T11:00:57+00:00","mainEntityOfPage":{"@id":"https:\/\/ehme.eu\/euskadiko-ikasleen-jazz-orkestra-eijo\/"},"wordCount":81,"commentCount":0,"image":{"@id":"https:\/\/ehme.eu\/euskadiko-ikasleen-jazz-orkestra-eijo\/#primaryimage"},"thumbnailUrl":"https:\/\/ehme.eu\/wp-content\/uploads\/2019\/11\/logo.jpg","articleSection":["Noticias"],"inLanguage":"es"},{"@type":"WebPage","@id":"https:\/\/ehme.eu\/euskadiko-ikasleen-jazz-orkestra-eijo\/","url":"https:\/\/ehme.eu\/euskadiko-ikasleen-jazz-orkestra-eijo\/","name":"EUSKADIKO IKASLEEN JAZZ ORKESTRA - EIJO - EHME","isPartOf":{"@id":"https:\/\/ehme.eu\/#website"},"primaryImageOfPage":{"@id":"https:\/\/ehme.eu\/euskadiko-ikasleen-jazz-orkestra-eijo\/#primaryimage"},"image":{"@id":"https:\/\/ehme.eu\/euskadiko-ikasleen-jazz-orkestra-eijo\/#primaryimage"},"thumbnailUrl":"https:\/\/ehme.eu\/wp-content\/uploads\/2019\/11\/logo.jpg","datePublished":"2019-11-13T11:00:57+00:00","author":{"@id":"https:\/\/ehme.eu\/#\/schema\/person\/c3c1df3a62236ae6a6ac35940724673f"},"breadcrumb":{"@id":"https:\/\/ehme.eu\/euskadiko-ikasleen-jazz-orkestra-eijo\/#breadcrumb"},"inLanguage":"es","potentialAction":[{"@type":"ReadAction","target":["https:\/\/ehme.eu\/euskadiko-ikasleen-jazz-orkestra-eijo\/"]}]},{"@type":"ImageObject","inLanguage":"es","@id":"https:\/\/ehme.eu\/euskadiko-ikasleen-jazz-orkestra-eijo\/#primaryimage","url":"https:\/\/ehme.eu\/wp-content\/uploads\/2019\/11\/logo.jpg","contentUrl":"https:\/\/ehme.eu\/wp-content\/uploads\/2019\/11\/logo.jpg","width":334,"height":242},{"@type":"BreadcrumbList","@id":"https:\/\/ehme.eu\/euskadiko-ikasleen-jazz-orkestra-eijo\/#breadcrumb","itemListElement":[{"@type":"ListItem","position":1,"name":"Portada","item":"https:\/\/ehme.eu\/es\/"},{"@type":"ListItem","position":2,"name":"EUSKADIKO IKASLEEN JAZZ ORKESTRA &#8211; EIJO"}]},{"@type":"WebSite","@id":"https:\/\/ehme.eu\/#website","url":"https:\/\/ehme.eu\/","name":"EHME","description":"Asociaci\u00f3n de Escuelas de M\u00fasica y Danza del Pa\u00eds Vasco","potentialAction":[{"@type":"SearchAction","target":{"@type":"EntryPoint","urlTemplate":"https:\/\/ehme.eu\/?s={search_term_string}"},"query-input":{"@type":"PropertyValueSpecification","valueRequired":true,"valueName":"search_term_string"}}],"inLanguage":"es"},{"@type":"Person","@id":"https:\/\/ehme.eu\/#\/schema\/person\/c3c1df3a62236ae6a6ac35940724673f","name":"ehme_adm","image":{"@type":"ImageObject","inLanguage":"es","@id":"https:\/\/secure.gravatar.com\/avatar\/96ee52075299345544bd8a4cfa0e980cf23d506270bf1080483417c5f548a9dc?s=96&d=mm&r=g","url":"https:\/\/secure.gravatar.com\/avatar\/96ee52075299345544bd8a4cfa0e980cf23d506270bf1080483417c5f548a9dc?s=96&d=mm&r=g","contentUrl":"https:\/\/secure.gravatar.com\/avatar\/96ee52075299345544bd8a4cfa0e980cf23d506270bf1080483417c5f548a9dc?s=96&d=mm&r=g","caption":"ehme_adm"}}]}},"_links":{"self":[{"href":"https:\/\/ehme.eu\/es\/wp-json\/wp\/v2\/posts\/137411","targetHints":{"allow":["GET"]}}],"collection":[{"href":"https:\/\/ehme.eu\/es\/wp-json\/wp\/v2\/posts"}],"about":[{"href":"https:\/\/ehme.eu\/es\/wp-json\/wp\/v2\/types\/post"}],"author":[{"embeddable":true,"href":"https:\/\/ehme.eu\/es\/wp-json\/wp\/v2\/users\/9"}],"replies":[{"embeddable":true,"href":"https:\/\/ehme.eu\/es\/wp-json\/wp\/v2\/comments?post=137411"}],"version-history":[{"count":0,"href":"https:\/\/ehme.eu\/es\/wp-json\/wp\/v2\/posts\/137411\/revisions"}],"wp:featuredmedia":[{"embeddable":true,"href":"https:\/\/ehme.eu\/es\/wp-json\/wp\/v2\/media\/137412"}],"wp:attachment":[{"href":"https:\/\/ehme.eu\/es\/wp-json\/wp\/v2\/media?parent=137411"}],"wp:term":[{"taxonomy":"category","embeddable":true,"href":"https:\/\/ehme.eu\/es\/wp-json\/wp\/v2\/categories?post=137411"},{"taxonomy":"post_tag","embeddable":true,"href":"https:\/\/ehme.eu\/es\/wp-json\/wp\/v2\/tags?post=137411"}],"curies":[{"name":"wp","href":"https:\/\/api.w.org\/{rel}","templated":true}]}}