{"id":138289,"date":"2020-04-30T18:55:29","date_gmt":"2020-04-30T18:55:29","guid":{"rendered":"https:\/\/ehme.eu\/?p=138289"},"modified":"2020-04-30T18:55:29","modified_gmt":"2020-04-30T18:55:29","slug":"musica-y-danza-ensenanza-on-line","status":"publish","type":"post","link":"https:\/\/ehme.eu\/es\/musica-y-danza-ensenanza-on-line\/","title":{"rendered":"M\u00daSICA Y DANZA ENSE\u00d1ANZA ON-LINE"},"content":{"rendered":"<div class=\"CjVfdc\">Jornada: Ayuda para la pr\u00e1ctica docente en Escuelas de M\u00fasica y Danza<\/div>\n<div class=\"CjVfdc\">\nDos d\u00edas con charlas, actividades y talleres que ser\u00e1n grabadas para los que no puedan asistir sincronamente.<\/div>\n<div class=\"CjVfdc\">\n<div class=\"PPhIP rviiZ\">\n<div class=\"U26fgb mUbCce fKz7Od LRAOtb rm120e eB48Hf\" role=\"presentation\" aria-describedby=\"h.suaa10t7f8a1\" aria-label=\"Kopiatu goiburuaren esteka\" aria-disabled=\"false\" data-tooltip=\"Kopiatu goiburuaren esteka\" aria-hidden=\"true\" data-tooltip-position=\"top\" data-tooltip-vertical-offset=\"12\" data-tooltip-horizontal-offset=\"0\">\n<div class=\"VTBa7b MbhUzd\"><\/div>\n<\/div>\n<\/div>\n<p>El objetivo de este evento consiste en dar herramientas al profesorado y personal de las Escuelas de M\u00fasica y Danza posibilitando conocimiento y debate para afrontar la docencia online. Asimismo puesta en com\u00fan de experiencias y buenas pr\u00e1cticas que se est\u00e1n llevando a cabo en este periodo de alarma y confinamiento como consecuencia del COVID-19<\/p><\/div>\n<div>\n<div class=\"CjVfdc\"><\/div>\n<p><small id=\"h.p_IXO2Hc5HwX7k\" class=\"zfr3Q TMjjoe\" dir=\"ltr\"><strong>Ap\u00fantate ya. Plazas limitadas<\/strong><\/small><\/p>\n<p id=\"h.p_sTisGblzwSwk\" class=\"zfr3Q\" dir=\"ltr\"><strong>Primera Jornada: 8 de mayo<\/strong><\/p>\n<p id=\"h.p_0tIykYNPv-Y2\" class=\"zfr3Q\" dir=\"ltr\">Elementos Tecnol\u00f3gicos y de Gesti\u00f3n: Skype, Meet, Zoom, Blogs, Chats, ClassRoom, Plataformas educativas generales, Herramientas de Gesti\u00f3n&#8230;.<\/p>\n<p id=\"h.p_qjrSloHKwVHr\" class=\"zfr3Q\" dir=\"ltr\"><strong>Tercera Jornada: 9 de mayo<\/strong><\/p>\n<p id=\"h.p_dsgqRIvnwVKE\" class=\"zfr3Q\" dir=\"ltr\">Software Musical espec\u00edficos: V\u00eddeo, Sonido, Editores de sonido, Clases online Lenguaje Musical, Armon\u00eda, Orquestas, Danza, M\u00fasica y Movimiento<\/p>\n<p id=\"h.p_8mnQiXjewnBc\" class=\"zfr3Q\" dir=\"ltr\"><a class=\"dhtgD aw5Odc\" href=\"https:\/\/www.google.com\/url?q=https%3A%2F%2Fsites.google.com%2Fview%2Fjornadas-covid-19%2Fagenda&amp;sa=D&amp;sntz=1&amp;usg=AFQjCNGqBEGN3xKLV-Y4R-OoXRBqouN81A\" target=\"_blank\" rel=\"noopener noreferrer\">Agenda<\/a><\/p>\n<p id=\"h.p_GlNkzA21wn3r\" class=\"zfr3Q\" dir=\"ltr\"><a class=\"dhtgD aw5Odc\" href=\"https:\/\/www.google.com\/url?q=https%3A%2F%2Fsites.google.com%2Fview%2Fjornadas-covid-19%2Fponentes&amp;sa=D&amp;sntz=1&amp;usg=AFQjCNEOSSYHIjiqZ46HSi_U_pqnv53Cqg\" target=\"_blank\" rel=\"noopener noreferrer\">Ponentes<\/a><\/p>\n<p id=\"h.p_kODCNvi9wpQ7\" class=\"zfr3Q\" dir=\"ltr\"><a class=\"dhtgD aw5Odc\" href=\"https:\/\/docs.google.com\/forms\/d\/e\/1FAIpQLSf6YvRaBztgnB-mnsHvtEPq1ikr5IPM2xZXf0OPvuKSpNmZsA\/viewform\" target=\"_blank\" rel=\"noopener noreferrer\">Inscripci\u00f3n<\/a><\/p>\n<\/div>\n","protected":false},"excerpt":{"rendered":"<p>Jornada: Ayuda para la pr\u00e1ctica docente en Escuelas de M\u00fasica y Danza Dos d\u00edas con charlas, actividades y talleres que ser\u00e1n grabadas para los que no puedan asistir sincronamente. El objetivo de este evento consiste en dar herramientas al profesorado y personal de las Escuelas de M\u00fasica y Danza posibilitando conocimiento y debate para afrontar [&hellip;]<\/p>\n","protected":false},"author":9,"featured_media":138290,"comment_status":"closed","ping_status":"open","sticky":false,"template":"","format":"standard","meta":{"footnotes":""},"categories":[540],"tags":[],"class_list":["post-138289","post","type-post","status-publish","format-standard","has-post-thumbnail","hentry","category-noticias"],"yoast_head":"<!-- This site is optimized with the Yoast SEO plugin v27.4 - https:\/\/yoast.com\/product\/yoast-seo-wordpress\/ -->\n<title>M\u00daSICA Y DANZA ENSE\u00d1ANZA ON-LINE - EHME<\/title>\n<meta name=\"robots\" content=\"index, follow, max-snippet:-1, max-image-preview:large, max-video-preview:-1\" \/>\n<link rel=\"canonical\" href=\"https:\/\/ehme.eu\/musika-eta-dantza-on-line-irakaskuntza\/\" \/>\n<meta property=\"og:locale\" content=\"es_ES\" \/>\n<meta property=\"og:type\" content=\"article\" \/>\n<meta property=\"og:title\" content=\"M\u00daSICA Y DANZA ENSE\u00d1ANZA ON-LINE - EHME\" \/>\n<meta property=\"og:description\" content=\"Jornada: Ayuda para la pr\u00e1ctica docente en Escuelas de M\u00fasica y Danza Dos d\u00edas con charlas, actividades y talleres que ser\u00e1n grabadas para los que no puedan asistir sincronamente. El objetivo de este evento consiste en dar herramientas al profesorado y personal de las Escuelas de M\u00fasica y Danza posibilitando conocimiento y debate para afrontar [&hellip;]\" \/>\n<meta property=\"og:url\" content=\"https:\/\/ehme.eu\/musika-eta-dantza-on-line-irakaskuntza\/\" \/>\n<meta property=\"og:site_name\" content=\"EHME\" \/>\n<meta property=\"article:published_time\" content=\"2020-04-30T18:55:29+00:00\" \/>\n<meta property=\"og:image\" content=\"https:\/\/ehme.eu\/wp-content\/uploads\/2020\/04\/uemyd-jornada.jpg\" \/>\n\t<meta property=\"og:image:width\" content=\"870\" \/>\n\t<meta property=\"og:image:height\" content=\"400\" \/>\n\t<meta property=\"og:image:type\" content=\"image\/jpeg\" \/>\n<meta name=\"author\" content=\"ehme_adm\" \/>\n<meta name=\"twitter:card\" content=\"summary_large_image\" \/>\n<meta name=\"twitter:label1\" content=\"Escrito por\" \/>\n\t<meta name=\"twitter:data1\" content=\"ehme_adm\" \/>\n\t<meta name=\"twitter:label2\" content=\"Tiempo de lectura\" \/>\n\t<meta name=\"twitter:data2\" content=\"1 minuto\" \/>\n<script type=\"application\/ld+json\" class=\"yoast-schema-graph\">{\"@context\":\"https:\\\/\\\/schema.org\",\"@graph\":[{\"@type\":\"Article\",\"@id\":\"https:\\\/\\\/ehme.eu\\\/musika-eta-dantza-on-line-irakaskuntza\\\/#article\",\"isPartOf\":{\"@id\":\"https:\\\/\\\/ehme.eu\\\/musika-eta-dantza-on-line-irakaskuntza\\\/\"},\"author\":{\"name\":\"ehme_adm\",\"@id\":\"https:\\\/\\\/ehme.eu\\\/#\\\/schema\\\/person\\\/c3c1df3a62236ae6a6ac35940724673f\"},\"headline\":\"M\u00daSICA Y DANZA ENSE\u00d1ANZA ON-LINE\",\"datePublished\":\"2020-04-30T18:55:29+00:00\",\"mainEntityOfPage\":{\"@id\":\"https:\\\/\\\/ehme.eu\\\/musika-eta-dantza-on-line-irakaskuntza\\\/\"},\"wordCount\":158,\"image\":{\"@id\":\"https:\\\/\\\/ehme.eu\\\/musika-eta-dantza-on-line-irakaskuntza\\\/#primaryimage\"},\"thumbnailUrl\":\"https:\\\/\\\/ehme.eu\\\/wp-content\\\/uploads\\\/2020\\\/04\\\/uemyd-jornada.jpg\",\"articleSection\":[\"Noticias\"],\"inLanguage\":\"es\"},{\"@type\":\"WebPage\",\"@id\":\"https:\\\/\\\/ehme.eu\\\/musika-eta-dantza-on-line-irakaskuntza\\\/\",\"url\":\"https:\\\/\\\/ehme.eu\\\/musika-eta-dantza-on-line-irakaskuntza\\\/\",\"name\":\"M\u00daSICA Y DANZA ENSE\u00d1ANZA ON-LINE - EHME\",\"isPartOf\":{\"@id\":\"https:\\\/\\\/ehme.eu\\\/#website\"},\"primaryImageOfPage\":{\"@id\":\"https:\\\/\\\/ehme.eu\\\/musika-eta-dantza-on-line-irakaskuntza\\\/#primaryimage\"},\"image\":{\"@id\":\"https:\\\/\\\/ehme.eu\\\/musika-eta-dantza-on-line-irakaskuntza\\\/#primaryimage\"},\"thumbnailUrl\":\"https:\\\/\\\/ehme.eu\\\/wp-content\\\/uploads\\\/2020\\\/04\\\/uemyd-jornada.jpg\",\"datePublished\":\"2020-04-30T18:55:29+00:00\",\"author\":{\"@id\":\"https:\\\/\\\/ehme.eu\\\/#\\\/schema\\\/person\\\/c3c1df3a62236ae6a6ac35940724673f\"},\"breadcrumb\":{\"@id\":\"https:\\\/\\\/ehme.eu\\\/musika-eta-dantza-on-line-irakaskuntza\\\/#breadcrumb\"},\"inLanguage\":\"es\",\"potentialAction\":[{\"@type\":\"ReadAction\",\"target\":[\"https:\\\/\\\/ehme.eu\\\/musika-eta-dantza-on-line-irakaskuntza\\\/\"]}]},{\"@type\":\"ImageObject\",\"inLanguage\":\"es\",\"@id\":\"https:\\\/\\\/ehme.eu\\\/musika-eta-dantza-on-line-irakaskuntza\\\/#primaryimage\",\"url\":\"https:\\\/\\\/ehme.eu\\\/wp-content\\\/uploads\\\/2020\\\/04\\\/uemyd-jornada.jpg\",\"contentUrl\":\"https:\\\/\\\/ehme.eu\\\/wp-content\\\/uploads\\\/2020\\\/04\\\/uemyd-jornada.jpg\",\"width\":870,\"height\":400},{\"@type\":\"BreadcrumbList\",\"@id\":\"https:\\\/\\\/ehme.eu\\\/musika-eta-dantza-on-line-irakaskuntza\\\/#breadcrumb\",\"itemListElement\":[{\"@type\":\"ListItem\",\"position\":1,\"name\":\"Portada\",\"item\":\"https:\\\/\\\/ehme.eu\\\/es\\\/\"},{\"@type\":\"ListItem\",\"position\":2,\"name\":\"M\u00daSICA Y DANZA ENSE\u00d1ANZA ON-LINE\"}]},{\"@type\":\"WebSite\",\"@id\":\"https:\\\/\\\/ehme.eu\\\/#website\",\"url\":\"https:\\\/\\\/ehme.eu\\\/\",\"name\":\"EHME\",\"description\":\"Asociaci\u00f3n de Escuelas de M\u00fasica y Danza del Pa\u00eds Vasco\",\"potentialAction\":[{\"@type\":\"SearchAction\",\"target\":{\"@type\":\"EntryPoint\",\"urlTemplate\":\"https:\\\/\\\/ehme.eu\\\/?s={search_term_string}\"},\"query-input\":{\"@type\":\"PropertyValueSpecification\",\"valueRequired\":true,\"valueName\":\"search_term_string\"}}],\"inLanguage\":\"es\"},{\"@type\":\"Person\",\"@id\":\"https:\\\/\\\/ehme.eu\\\/#\\\/schema\\\/person\\\/c3c1df3a62236ae6a6ac35940724673f\",\"name\":\"ehme_adm\",\"image\":{\"@type\":\"ImageObject\",\"inLanguage\":\"es\",\"@id\":\"https:\\\/\\\/secure.gravatar.com\\\/avatar\\\/96ee52075299345544bd8a4cfa0e980cf23d506270bf1080483417c5f548a9dc?s=96&d=mm&r=g\",\"url\":\"https:\\\/\\\/secure.gravatar.com\\\/avatar\\\/96ee52075299345544bd8a4cfa0e980cf23d506270bf1080483417c5f548a9dc?s=96&d=mm&r=g\",\"contentUrl\":\"https:\\\/\\\/secure.gravatar.com\\\/avatar\\\/96ee52075299345544bd8a4cfa0e980cf23d506270bf1080483417c5f548a9dc?s=96&d=mm&r=g\",\"caption\":\"ehme_adm\"}}]}<\/script>\n<!-- \/ Yoast SEO plugin. -->","yoast_head_json":{"title":"M\u00daSICA Y DANZA ENSE\u00d1ANZA ON-LINE - EHME","robots":{"index":"index","follow":"follow","max-snippet":"max-snippet:-1","max-image-preview":"max-image-preview:large","max-video-preview":"max-video-preview:-1"},"canonical":"https:\/\/ehme.eu\/musika-eta-dantza-on-line-irakaskuntza\/","og_locale":"es_ES","og_type":"article","og_title":"M\u00daSICA Y DANZA ENSE\u00d1ANZA ON-LINE - EHME","og_description":"Jornada: Ayuda para la pr\u00e1ctica docente en Escuelas de M\u00fasica y Danza Dos d\u00edas con charlas, actividades y talleres que ser\u00e1n grabadas para los que no puedan asistir sincronamente. El objetivo de este evento consiste en dar herramientas al profesorado y personal de las Escuelas de M\u00fasica y Danza posibilitando conocimiento y debate para afrontar [&hellip;]","og_url":"https:\/\/ehme.eu\/musika-eta-dantza-on-line-irakaskuntza\/","og_site_name":"EHME","article_published_time":"2020-04-30T18:55:29+00:00","og_image":[{"width":870,"height":400,"url":"https:\/\/ehme.eu\/wp-content\/uploads\/2020\/04\/uemyd-jornada.jpg","type":"image\/jpeg"}],"author":"ehme_adm","twitter_card":"summary_large_image","twitter_misc":{"Escrito por":"ehme_adm","Tiempo de lectura":"1 minuto"},"schema":{"@context":"https:\/\/schema.org","@graph":[{"@type":"Article","@id":"https:\/\/ehme.eu\/musika-eta-dantza-on-line-irakaskuntza\/#article","isPartOf":{"@id":"https:\/\/ehme.eu\/musika-eta-dantza-on-line-irakaskuntza\/"},"author":{"name":"ehme_adm","@id":"https:\/\/ehme.eu\/#\/schema\/person\/c3c1df3a62236ae6a6ac35940724673f"},"headline":"M\u00daSICA Y DANZA ENSE\u00d1ANZA ON-LINE","datePublished":"2020-04-30T18:55:29+00:00","mainEntityOfPage":{"@id":"https:\/\/ehme.eu\/musika-eta-dantza-on-line-irakaskuntza\/"},"wordCount":158,"image":{"@id":"https:\/\/ehme.eu\/musika-eta-dantza-on-line-irakaskuntza\/#primaryimage"},"thumbnailUrl":"https:\/\/ehme.eu\/wp-content\/uploads\/2020\/04\/uemyd-jornada.jpg","articleSection":["Noticias"],"inLanguage":"es"},{"@type":"WebPage","@id":"https:\/\/ehme.eu\/musika-eta-dantza-on-line-irakaskuntza\/","url":"https:\/\/ehme.eu\/musika-eta-dantza-on-line-irakaskuntza\/","name":"M\u00daSICA Y DANZA ENSE\u00d1ANZA ON-LINE - EHME","isPartOf":{"@id":"https:\/\/ehme.eu\/#website"},"primaryImageOfPage":{"@id":"https:\/\/ehme.eu\/musika-eta-dantza-on-line-irakaskuntza\/#primaryimage"},"image":{"@id":"https:\/\/ehme.eu\/musika-eta-dantza-on-line-irakaskuntza\/#primaryimage"},"thumbnailUrl":"https:\/\/ehme.eu\/wp-content\/uploads\/2020\/04\/uemyd-jornada.jpg","datePublished":"2020-04-30T18:55:29+00:00","author":{"@id":"https:\/\/ehme.eu\/#\/schema\/person\/c3c1df3a62236ae6a6ac35940724673f"},"breadcrumb":{"@id":"https:\/\/ehme.eu\/musika-eta-dantza-on-line-irakaskuntza\/#breadcrumb"},"inLanguage":"es","potentialAction":[{"@type":"ReadAction","target":["https:\/\/ehme.eu\/musika-eta-dantza-on-line-irakaskuntza\/"]}]},{"@type":"ImageObject","inLanguage":"es","@id":"https:\/\/ehme.eu\/musika-eta-dantza-on-line-irakaskuntza\/#primaryimage","url":"https:\/\/ehme.eu\/wp-content\/uploads\/2020\/04\/uemyd-jornada.jpg","contentUrl":"https:\/\/ehme.eu\/wp-content\/uploads\/2020\/04\/uemyd-jornada.jpg","width":870,"height":400},{"@type":"BreadcrumbList","@id":"https:\/\/ehme.eu\/musika-eta-dantza-on-line-irakaskuntza\/#breadcrumb","itemListElement":[{"@type":"ListItem","position":1,"name":"Portada","item":"https:\/\/ehme.eu\/es\/"},{"@type":"ListItem","position":2,"name":"M\u00daSICA Y DANZA ENSE\u00d1ANZA ON-LINE"}]},{"@type":"WebSite","@id":"https:\/\/ehme.eu\/#website","url":"https:\/\/ehme.eu\/","name":"EHME","description":"Asociaci\u00f3n de Escuelas de M\u00fasica y Danza del Pa\u00eds Vasco","potentialAction":[{"@type":"SearchAction","target":{"@type":"EntryPoint","urlTemplate":"https:\/\/ehme.eu\/?s={search_term_string}"},"query-input":{"@type":"PropertyValueSpecification","valueRequired":true,"valueName":"search_term_string"}}],"inLanguage":"es"},{"@type":"Person","@id":"https:\/\/ehme.eu\/#\/schema\/person\/c3c1df3a62236ae6a6ac35940724673f","name":"ehme_adm","image":{"@type":"ImageObject","inLanguage":"es","@id":"https:\/\/secure.gravatar.com\/avatar\/96ee52075299345544bd8a4cfa0e980cf23d506270bf1080483417c5f548a9dc?s=96&d=mm&r=g","url":"https:\/\/secure.gravatar.com\/avatar\/96ee52075299345544bd8a4cfa0e980cf23d506270bf1080483417c5f548a9dc?s=96&d=mm&r=g","contentUrl":"https:\/\/secure.gravatar.com\/avatar\/96ee52075299345544bd8a4cfa0e980cf23d506270bf1080483417c5f548a9dc?s=96&d=mm&r=g","caption":"ehme_adm"}}]}},"_links":{"self":[{"href":"https:\/\/ehme.eu\/es\/wp-json\/wp\/v2\/posts\/138289","targetHints":{"allow":["GET"]}}],"collection":[{"href":"https:\/\/ehme.eu\/es\/wp-json\/wp\/v2\/posts"}],"about":[{"href":"https:\/\/ehme.eu\/es\/wp-json\/wp\/v2\/types\/post"}],"author":[{"embeddable":true,"href":"https:\/\/ehme.eu\/es\/wp-json\/wp\/v2\/users\/9"}],"replies":[{"embeddable":true,"href":"https:\/\/ehme.eu\/es\/wp-json\/wp\/v2\/comments?post=138289"}],"version-history":[{"count":0,"href":"https:\/\/ehme.eu\/es\/wp-json\/wp\/v2\/posts\/138289\/revisions"}],"wp:featuredmedia":[{"embeddable":true,"href":"https:\/\/ehme.eu\/es\/wp-json\/wp\/v2\/media\/138290"}],"wp:attachment":[{"href":"https:\/\/ehme.eu\/es\/wp-json\/wp\/v2\/media?parent=138289"}],"wp:term":[{"taxonomy":"category","embeddable":true,"href":"https:\/\/ehme.eu\/es\/wp-json\/wp\/v2\/categories?post=138289"},{"taxonomy":"post_tag","embeddable":true,"href":"https:\/\/ehme.eu\/es\/wp-json\/wp\/v2\/tags?post=138289"}],"curies":[{"name":"wp","href":"https:\/\/api.w.org\/{rel}","templated":true}]}}