{"id":138509,"date":"2020-10-19T10:26:42","date_gmt":"2020-10-19T10:26:42","guid":{"rendered":"https:\/\/ehme.eu\/?p=138509"},"modified":"2020-10-20T21:41:28","modified_gmt":"2020-10-20T21:41:28","slug":"musica-y-movimiento","status":"publish","type":"post","link":"https:\/\/ehme.eu\/es\/musica-y-movimiento\/","title":{"rendered":"M\u00daSICA Y MOVIMIENTO &#8211; JORNADA"},"content":{"rendered":"<p>Desde la Uni\u00f3n de Escuelas de M\u00fasica y Danza, hemos organizado una jornada ON-LINE de \u00abM\u00fasica y movimiento\u00bb dirigido \u00fanicamente al profesorado asociado.<\/p>\n<p>La jornada tendr\u00e1 lugar el 7 de noviembre de 9h a 13:30h.<\/p>\n<p>Las inscripciones del Pa\u00eds Vasco se gestionar\u00e1n desde EHME, y se realizar\u00e1 de igual modo al resto de cursos que hemos organizado dentro de nuestro Plan de Formaci\u00f3n.<\/p>\n<p>El plazo de inscripci\u00f3n comenzar\u00e1 el 21 de octubre, y el coste es de 10\u20ac. Las plazas son limitadas (40 plazas), una vez se hayan llenado, se continuar\u00e1 con las inscripciones a coste 0\u20ac, y en el caso de haber alguna vacante se proceder\u00e1 a abonar los 10\u20ac.<\/p>\n<p><a href=\"https:\/\/sites.google.com\/view\/jornadas-uemyd\/modelos-online-y-mixtos\">MAS INFORMACI\u00d3N<\/a>\u00a0 \u00a0 \u00a0 \u00a0 \u00a0 \u00a0 \u00a0 \u00a0 \u00a0 \u00a0<a href=\"https:\/\/formakuntza.ehme.eu\/?redirect=0\"> INSCRIPCI\u00d3N<\/a><\/p>\n","protected":false},"excerpt":{"rendered":"<p>Desde la Uni\u00f3n de Escuelas de M\u00fasica y Danza, hemos organizado una jornada ON-LINE de \u00abM\u00fasica y movimiento\u00bb dirigido \u00fanicamente al profesorado asociado. La jornada tendr\u00e1 lugar el 7 de noviembre de 9h a 13:30h. Las inscripciones del Pa\u00eds Vasco se gestionar\u00e1n desde EHME, y se realizar\u00e1 de igual modo al resto de cursos que [&hellip;]<\/p>\n","protected":false},"author":9,"featured_media":138516,"comment_status":"closed","ping_status":"open","sticky":false,"template":"","format":"standard","meta":{"footnotes":""},"categories":[540],"tags":[],"class_list":["post-138509","post","type-post","status-publish","format-standard","has-post-thumbnail","hentry","category-noticias"],"yoast_head":"<!-- This site is optimized with the Yoast SEO plugin v27.4 - https:\/\/yoast.com\/product\/yoast-seo-wordpress\/ -->\n<title>M\u00daSICA Y MOVIMIENTO - JORNADA - EHME<\/title>\n<meta name=\"robots\" content=\"index, follow, max-snippet:-1, max-image-preview:large, max-video-preview:-1\" \/>\n<link rel=\"canonical\" href=\"https:\/\/ehme.eu\/musika-eta-mugimendua-jardunaldia\/\" \/>\n<meta property=\"og:locale\" content=\"es_ES\" \/>\n<meta property=\"og:type\" content=\"article\" \/>\n<meta property=\"og:title\" content=\"M\u00daSICA Y MOVIMIENTO - JORNADA - EHME\" \/>\n<meta property=\"og:description\" content=\"Desde la Uni\u00f3n de Escuelas de M\u00fasica y Danza, hemos organizado una jornada ON-LINE de \u00abM\u00fasica y movimiento\u00bb dirigido \u00fanicamente al profesorado asociado. La jornada tendr\u00e1 lugar el 7 de noviembre de 9h a 13:30h. Las inscripciones del Pa\u00eds Vasco se gestionar\u00e1n desde EHME, y se realizar\u00e1 de igual modo al resto de cursos que [&hellip;]\" \/>\n<meta property=\"og:url\" content=\"https:\/\/ehme.eu\/musika-eta-mugimendua-jardunaldia\/\" \/>\n<meta property=\"og:site_name\" content=\"EHME\" \/>\n<meta property=\"article:published_time\" content=\"2020-10-19T10:26:42+00:00\" \/>\n<meta property=\"article:modified_time\" content=\"2020-10-20T21:41:28+00:00\" \/>\n<meta property=\"og:image\" content=\"https:\/\/ehme.eu\/wp-content\/uploads\/2020\/10\/uemyd-1.jpg\" \/>\n\t<meta property=\"og:image:width\" content=\"909\" \/>\n\t<meta property=\"og:image:height\" content=\"366\" \/>\n\t<meta property=\"og:image:type\" content=\"image\/jpeg\" \/>\n<meta name=\"author\" content=\"ehme_adm\" \/>\n<meta name=\"twitter:card\" content=\"summary_large_image\" \/>\n<meta name=\"twitter:label1\" content=\"Escrito por\" \/>\n\t<meta name=\"twitter:data1\" content=\"ehme_adm\" \/>\n\t<meta name=\"twitter:label2\" content=\"Tiempo de lectura\" \/>\n\t<meta name=\"twitter:data2\" content=\"1 minuto\" \/>\n<script type=\"application\/ld+json\" class=\"yoast-schema-graph\">{\"@context\":\"https:\\\/\\\/schema.org\",\"@graph\":[{\"@type\":\"Article\",\"@id\":\"https:\\\/\\\/ehme.eu\\\/musika-eta-mugimendua-jardunaldia\\\/#article\",\"isPartOf\":{\"@id\":\"https:\\\/\\\/ehme.eu\\\/musika-eta-mugimendua-jardunaldia\\\/\"},\"author\":{\"name\":\"ehme_adm\",\"@id\":\"https:\\\/\\\/ehme.eu\\\/#\\\/schema\\\/person\\\/c3c1df3a62236ae6a6ac35940724673f\"},\"headline\":\"M\u00daSICA Y MOVIMIENTO &#8211; JORNADA\",\"datePublished\":\"2020-10-19T10:26:42+00:00\",\"dateModified\":\"2020-10-20T21:41:28+00:00\",\"mainEntityOfPage\":{\"@id\":\"https:\\\/\\\/ehme.eu\\\/musika-eta-mugimendua-jardunaldia\\\/\"},\"wordCount\":123,\"image\":{\"@id\":\"https:\\\/\\\/ehme.eu\\\/musika-eta-mugimendua-jardunaldia\\\/#primaryimage\"},\"thumbnailUrl\":\"https:\\\/\\\/ehme.eu\\\/wp-content\\\/uploads\\\/2020\\\/10\\\/uemyd-1.jpg\",\"articleSection\":[\"Noticias\"],\"inLanguage\":\"es\"},{\"@type\":\"WebPage\",\"@id\":\"https:\\\/\\\/ehme.eu\\\/musika-eta-mugimendua-jardunaldia\\\/\",\"url\":\"https:\\\/\\\/ehme.eu\\\/musika-eta-mugimendua-jardunaldia\\\/\",\"name\":\"M\u00daSICA Y MOVIMIENTO - JORNADA - EHME\",\"isPartOf\":{\"@id\":\"https:\\\/\\\/ehme.eu\\\/#website\"},\"primaryImageOfPage\":{\"@id\":\"https:\\\/\\\/ehme.eu\\\/musika-eta-mugimendua-jardunaldia\\\/#primaryimage\"},\"image\":{\"@id\":\"https:\\\/\\\/ehme.eu\\\/musika-eta-mugimendua-jardunaldia\\\/#primaryimage\"},\"thumbnailUrl\":\"https:\\\/\\\/ehme.eu\\\/wp-content\\\/uploads\\\/2020\\\/10\\\/uemyd-1.jpg\",\"datePublished\":\"2020-10-19T10:26:42+00:00\",\"dateModified\":\"2020-10-20T21:41:28+00:00\",\"author\":{\"@id\":\"https:\\\/\\\/ehme.eu\\\/#\\\/schema\\\/person\\\/c3c1df3a62236ae6a6ac35940724673f\"},\"breadcrumb\":{\"@id\":\"https:\\\/\\\/ehme.eu\\\/musika-eta-mugimendua-jardunaldia\\\/#breadcrumb\"},\"inLanguage\":\"es\",\"potentialAction\":[{\"@type\":\"ReadAction\",\"target\":[\"https:\\\/\\\/ehme.eu\\\/musika-eta-mugimendua-jardunaldia\\\/\"]}]},{\"@type\":\"ImageObject\",\"inLanguage\":\"es\",\"@id\":\"https:\\\/\\\/ehme.eu\\\/musika-eta-mugimendua-jardunaldia\\\/#primaryimage\",\"url\":\"https:\\\/\\\/ehme.eu\\\/wp-content\\\/uploads\\\/2020\\\/10\\\/uemyd-1.jpg\",\"contentUrl\":\"https:\\\/\\\/ehme.eu\\\/wp-content\\\/uploads\\\/2020\\\/10\\\/uemyd-1.jpg\",\"width\":909,\"height\":366},{\"@type\":\"BreadcrumbList\",\"@id\":\"https:\\\/\\\/ehme.eu\\\/musika-eta-mugimendua-jardunaldia\\\/#breadcrumb\",\"itemListElement\":[{\"@type\":\"ListItem\",\"position\":1,\"name\":\"Portada\",\"item\":\"https:\\\/\\\/ehme.eu\\\/es\\\/\"},{\"@type\":\"ListItem\",\"position\":2,\"name\":\"M\u00daSICA Y MOVIMIENTO &#8211; JORNADA\"}]},{\"@type\":\"WebSite\",\"@id\":\"https:\\\/\\\/ehme.eu\\\/#website\",\"url\":\"https:\\\/\\\/ehme.eu\\\/\",\"name\":\"EHME\",\"description\":\"Asociaci\u00f3n de Escuelas de M\u00fasica y Danza del Pa\u00eds Vasco\",\"potentialAction\":[{\"@type\":\"SearchAction\",\"target\":{\"@type\":\"EntryPoint\",\"urlTemplate\":\"https:\\\/\\\/ehme.eu\\\/?s={search_term_string}\"},\"query-input\":{\"@type\":\"PropertyValueSpecification\",\"valueRequired\":true,\"valueName\":\"search_term_string\"}}],\"inLanguage\":\"es\"},{\"@type\":\"Person\",\"@id\":\"https:\\\/\\\/ehme.eu\\\/#\\\/schema\\\/person\\\/c3c1df3a62236ae6a6ac35940724673f\",\"name\":\"ehme_adm\",\"image\":{\"@type\":\"ImageObject\",\"inLanguage\":\"es\",\"@id\":\"https:\\\/\\\/secure.gravatar.com\\\/avatar\\\/96ee52075299345544bd8a4cfa0e980cf23d506270bf1080483417c5f548a9dc?s=96&d=mm&r=g\",\"url\":\"https:\\\/\\\/secure.gravatar.com\\\/avatar\\\/96ee52075299345544bd8a4cfa0e980cf23d506270bf1080483417c5f548a9dc?s=96&d=mm&r=g\",\"contentUrl\":\"https:\\\/\\\/secure.gravatar.com\\\/avatar\\\/96ee52075299345544bd8a4cfa0e980cf23d506270bf1080483417c5f548a9dc?s=96&d=mm&r=g\",\"caption\":\"ehme_adm\"}}]}<\/script>\n<!-- \/ Yoast SEO plugin. -->","yoast_head_json":{"title":"M\u00daSICA Y MOVIMIENTO - JORNADA - EHME","robots":{"index":"index","follow":"follow","max-snippet":"max-snippet:-1","max-image-preview":"max-image-preview:large","max-video-preview":"max-video-preview:-1"},"canonical":"https:\/\/ehme.eu\/musika-eta-mugimendua-jardunaldia\/","og_locale":"es_ES","og_type":"article","og_title":"M\u00daSICA Y MOVIMIENTO - JORNADA - EHME","og_description":"Desde la Uni\u00f3n de Escuelas de M\u00fasica y Danza, hemos organizado una jornada ON-LINE de \u00abM\u00fasica y movimiento\u00bb dirigido \u00fanicamente al profesorado asociado. La jornada tendr\u00e1 lugar el 7 de noviembre de 9h a 13:30h. Las inscripciones del Pa\u00eds Vasco se gestionar\u00e1n desde EHME, y se realizar\u00e1 de igual modo al resto de cursos que [&hellip;]","og_url":"https:\/\/ehme.eu\/musika-eta-mugimendua-jardunaldia\/","og_site_name":"EHME","article_published_time":"2020-10-19T10:26:42+00:00","article_modified_time":"2020-10-20T21:41:28+00:00","og_image":[{"width":909,"height":366,"url":"https:\/\/ehme.eu\/wp-content\/uploads\/2020\/10\/uemyd-1.jpg","type":"image\/jpeg"}],"author":"ehme_adm","twitter_card":"summary_large_image","twitter_misc":{"Escrito por":"ehme_adm","Tiempo de lectura":"1 minuto"},"schema":{"@context":"https:\/\/schema.org","@graph":[{"@type":"Article","@id":"https:\/\/ehme.eu\/musika-eta-mugimendua-jardunaldia\/#article","isPartOf":{"@id":"https:\/\/ehme.eu\/musika-eta-mugimendua-jardunaldia\/"},"author":{"name":"ehme_adm","@id":"https:\/\/ehme.eu\/#\/schema\/person\/c3c1df3a62236ae6a6ac35940724673f"},"headline":"M\u00daSICA Y MOVIMIENTO &#8211; JORNADA","datePublished":"2020-10-19T10:26:42+00:00","dateModified":"2020-10-20T21:41:28+00:00","mainEntityOfPage":{"@id":"https:\/\/ehme.eu\/musika-eta-mugimendua-jardunaldia\/"},"wordCount":123,"image":{"@id":"https:\/\/ehme.eu\/musika-eta-mugimendua-jardunaldia\/#primaryimage"},"thumbnailUrl":"https:\/\/ehme.eu\/wp-content\/uploads\/2020\/10\/uemyd-1.jpg","articleSection":["Noticias"],"inLanguage":"es"},{"@type":"WebPage","@id":"https:\/\/ehme.eu\/musika-eta-mugimendua-jardunaldia\/","url":"https:\/\/ehme.eu\/musika-eta-mugimendua-jardunaldia\/","name":"M\u00daSICA Y MOVIMIENTO - JORNADA - EHME","isPartOf":{"@id":"https:\/\/ehme.eu\/#website"},"primaryImageOfPage":{"@id":"https:\/\/ehme.eu\/musika-eta-mugimendua-jardunaldia\/#primaryimage"},"image":{"@id":"https:\/\/ehme.eu\/musika-eta-mugimendua-jardunaldia\/#primaryimage"},"thumbnailUrl":"https:\/\/ehme.eu\/wp-content\/uploads\/2020\/10\/uemyd-1.jpg","datePublished":"2020-10-19T10:26:42+00:00","dateModified":"2020-10-20T21:41:28+00:00","author":{"@id":"https:\/\/ehme.eu\/#\/schema\/person\/c3c1df3a62236ae6a6ac35940724673f"},"breadcrumb":{"@id":"https:\/\/ehme.eu\/musika-eta-mugimendua-jardunaldia\/#breadcrumb"},"inLanguage":"es","potentialAction":[{"@type":"ReadAction","target":["https:\/\/ehme.eu\/musika-eta-mugimendua-jardunaldia\/"]}]},{"@type":"ImageObject","inLanguage":"es","@id":"https:\/\/ehme.eu\/musika-eta-mugimendua-jardunaldia\/#primaryimage","url":"https:\/\/ehme.eu\/wp-content\/uploads\/2020\/10\/uemyd-1.jpg","contentUrl":"https:\/\/ehme.eu\/wp-content\/uploads\/2020\/10\/uemyd-1.jpg","width":909,"height":366},{"@type":"BreadcrumbList","@id":"https:\/\/ehme.eu\/musika-eta-mugimendua-jardunaldia\/#breadcrumb","itemListElement":[{"@type":"ListItem","position":1,"name":"Portada","item":"https:\/\/ehme.eu\/es\/"},{"@type":"ListItem","position":2,"name":"M\u00daSICA Y MOVIMIENTO &#8211; JORNADA"}]},{"@type":"WebSite","@id":"https:\/\/ehme.eu\/#website","url":"https:\/\/ehme.eu\/","name":"EHME","description":"Asociaci\u00f3n de Escuelas de M\u00fasica y Danza del Pa\u00eds Vasco","potentialAction":[{"@type":"SearchAction","target":{"@type":"EntryPoint","urlTemplate":"https:\/\/ehme.eu\/?s={search_term_string}"},"query-input":{"@type":"PropertyValueSpecification","valueRequired":true,"valueName":"search_term_string"}}],"inLanguage":"es"},{"@type":"Person","@id":"https:\/\/ehme.eu\/#\/schema\/person\/c3c1df3a62236ae6a6ac35940724673f","name":"ehme_adm","image":{"@type":"ImageObject","inLanguage":"es","@id":"https:\/\/secure.gravatar.com\/avatar\/96ee52075299345544bd8a4cfa0e980cf23d506270bf1080483417c5f548a9dc?s=96&d=mm&r=g","url":"https:\/\/secure.gravatar.com\/avatar\/96ee52075299345544bd8a4cfa0e980cf23d506270bf1080483417c5f548a9dc?s=96&d=mm&r=g","contentUrl":"https:\/\/secure.gravatar.com\/avatar\/96ee52075299345544bd8a4cfa0e980cf23d506270bf1080483417c5f548a9dc?s=96&d=mm&r=g","caption":"ehme_adm"}}]}},"_links":{"self":[{"href":"https:\/\/ehme.eu\/es\/wp-json\/wp\/v2\/posts\/138509","targetHints":{"allow":["GET"]}}],"collection":[{"href":"https:\/\/ehme.eu\/es\/wp-json\/wp\/v2\/posts"}],"about":[{"href":"https:\/\/ehme.eu\/es\/wp-json\/wp\/v2\/types\/post"}],"author":[{"embeddable":true,"href":"https:\/\/ehme.eu\/es\/wp-json\/wp\/v2\/users\/9"}],"replies":[{"embeddable":true,"href":"https:\/\/ehme.eu\/es\/wp-json\/wp\/v2\/comments?post=138509"}],"version-history":[{"count":0,"href":"https:\/\/ehme.eu\/es\/wp-json\/wp\/v2\/posts\/138509\/revisions"}],"wp:featuredmedia":[{"embeddable":true,"href":"https:\/\/ehme.eu\/es\/wp-json\/wp\/v2\/media\/138516"}],"wp:attachment":[{"href":"https:\/\/ehme.eu\/es\/wp-json\/wp\/v2\/media?parent=138509"}],"wp:term":[{"taxonomy":"category","embeddable":true,"href":"https:\/\/ehme.eu\/es\/wp-json\/wp\/v2\/categories?post=138509"},{"taxonomy":"post_tag","embeddable":true,"href":"https:\/\/ehme.eu\/es\/wp-json\/wp\/v2\/tags?post=138509"}],"curies":[{"name":"wp","href":"https:\/\/api.w.org\/{rel}","templated":true}]}}