{"id":138578,"date":"2020-11-30T08:55:03","date_gmt":"2020-11-30T08:55:03","guid":{"rendered":"https:\/\/ehme.eu\/?p=138578"},"modified":"2020-11-30T08:55:03","modified_gmt":"2020-11-30T08:55:03","slug":"jornada-para-equipos-directivos-de-escuelas-de-musica-y-danza","status":"publish","type":"post","link":"https:\/\/ehme.eu\/es\/jornada-para-equipos-directivos-de-escuelas-de-musica-y-danza\/","title":{"rendered":"JORNADA PARA EQUIPOS DIRECTIVOS DE ESCUELAS DE M\u00daSICA Y DANZA"},"content":{"rendered":"<p>UEMYD ha organizado para los d\u00edas 6 y 7 de febrero una jornada donde se analizar\u00e1 la LOMLOE, el perfil del profesorado y la gestion de los centros.<\/p>\n<div class=\"hJDwNd-AhqUyc-OwsYgb purZT-AhqUyc-II5mzb pSzOP-AhqUyc-qWD73c JNdkSc\">\n<div class=\"JNdkSc-SmKAyb\">\n<div class=\"\">\n<div class=\"oKdM2c Kzv0Me\">\n<div id=\"h.3b1404833afe3847_3\" class=\"hJDwNd-AhqUyc-OwsYgb jXK9ad D2fZ2 OjCsFc wHaque GNzUNc\">\n<div class=\"jXK9ad-SmKAyb\">\n<div class=\"tyJCtd mGzaTb baZpAe\">\n<div class=\"CjVfdc\"><span class=\" qVJ7Ab\">BLOQUE 1<\/span>: <span class=\" aw5Odc\"><a class=\"XqQF9c\" href=\"http:\/\/www.google.com\/url?q=http%3A%2F%2Fwww.congreso.es%2Fpublic_oficiales%2FL14%2FCONG%2FBOCG%2FA%2FBOCG-14-A-7-3.PDF%23page%3D1&amp;sa=D&amp;sntz=1&amp;usg=AFQjCNG4sZk1OcGngN6y1gwlw7INAK-U6g\" target=\"_blank\" rel=\"noopener noreferrer\">LOMLOE<\/a><\/span><\/div>\n<ol class=\"n8H08c BKnRcf\">\n<li class=\"TYR86d zfr3Q\" dir=\"ltr\">\n<p class=\"CDt4Ke zfr3Q\" dir=\"ltr\">Las Escuelas de M\u00fasica y Danza y las leyes educativas<\/p>\n<\/li>\n<li class=\"TYR86d zfr3Q\" dir=\"ltr\">\n<p class=\"CDt4Ke zfr3Q\" dir=\"ltr\">La propuesta realizada por UEMyD.<\/p>\n<\/li>\n<li class=\"TYR86d zfr3Q\" dir=\"ltr\">\n<p class=\"CDt4Ke zfr3Q\" dir=\"ltr\">Visi\u00f3n europea de las Escuelas de M\u00fasica y Danza<\/p>\n<\/li>\n<li class=\"TYR86d zfr3Q\" dir=\"ltr\">\n<p class=\"CDt4Ke zfr3Q\" dir=\"ltr\">Novedades y cambios<\/p>\n<\/li>\n<\/ol>\n<div class=\"CjVfdc\">\n<div class=\"PPhIP rviiZ\">\n<div class=\"U26fgb mUbCce fKz7Od LRAOtb rm120e\" role=\"presentation\" aria-describedby=\"h.xwzvpgtepee4\" aria-label=\"Copiar el v\u00ednculo del t\u00edtulo\" aria-disabled=\"false\" data-tooltip=\"Copiar el v\u00ednculo del t\u00edtulo\" aria-hidden=\"true\" data-tooltip-position=\"top\" data-tooltip-vertical-offset=\"12\" data-tooltip-horizontal-offset=\"0\">\n<div class=\"VTBa7b MbhUzd\"><\/div>\n<\/div>\n<\/div>\n<p>BLOQUE 2: Perfil del profesorado<\/p><\/div>\n<ol class=\"n8H08c BKnRcf\">\n<li class=\"TYR86d zfr3Q\" dir=\"ltr\">\n<p class=\"CDt4Ke zfr3Q\" dir=\"ltr\">\u00bfQu\u00e9 tenemos?<\/p>\n<\/li>\n<li class=\"TYR86d zfr3Q\" dir=\"ltr\">\n<p class=\"CDt4Ke zfr3Q\" dir=\"ltr\">\u00bfQu\u00e9 necesitamos y c\u00f3mo los seleccionamos?<\/p>\n<\/li>\n<li class=\"TYR86d zfr3Q\" dir=\"ltr\">\n<p class=\"CDt4Ke zfr3Q\" dir=\"ltr\">Formaci\u00f3n inicial para profesores de Escuelas por parte de centros profesionales, superiores o universidades<\/p>\n<\/li>\n<li class=\"TYR86d zfr3Q\" dir=\"ltr\">\n<p class=\"CDt4Ke zfr3Q\" dir=\"ltr\">Formaci\u00f3n continua en las Escuelas: situaci\u00f3n en las diferentes Comunidades Aut\u00f3nomas<\/p>\n<\/li>\n<\/ol>\n<\/div>\n<\/div>\n<\/div>\n<\/div>\n<\/div>\n<\/div>\n<\/div>\n<div class=\"hJDwNd-AhqUyc-wNfPc purZT-AhqUyc-II5mzb pSzOP-AhqUyc-wNfPc JNdkSc yYI8W \">\n<div class=\"JNdkSc-SmKAyb\">\n<div class=\"\">\n<div class=\"oKdM2c Kzv0Me\">\n<div id=\"h.3b1404833afe3847_15\" class=\"hJDwNd-AhqUyc-wNfPc pSzOP-AhqUyc-wNfPc jXK9ad D2fZ2 OjCsFc GNzUNc\">\n<div class=\"jXK9ad-SmKAyb\">\n<div class=\"tyJCtd mGzaTb baZpAe\">\n<div class=\"CjVfdc\">\n<div class=\"PPhIP rviiZ\">\n<div class=\"U26fgb mUbCce fKz7Od LRAOtb rm120e eB48Hf\" role=\"presentation\" aria-describedby=\"h.4po8j3ovkk2u\" aria-label=\"Copiar el v\u00ednculo del t\u00edtulo\" aria-disabled=\"false\" data-tooltip=\"Copiar el v\u00ednculo del t\u00edtulo\" aria-hidden=\"true\" data-tooltip-position=\"top\" data-tooltip-vertical-offset=\"12\" data-tooltip-horizontal-offset=\"0\">\n<div class=\"VTBa7b MbhUzd\"><\/div>\n<\/div>\n<\/div>\n<p>BLOQUE 3: <strong>Gesti\u00f3n de los Centros<\/strong><\/div>\n<ol class=\"n8H08c BKnRcf\">\n<li class=\"TYR86d zfr3Q\" dir=\"ltr\">\n<p class=\"CDt4Ke zfr3Q\" dir=\"ltr\">Coach para directivos<\/p>\n<\/li>\n<li class=\"TYR86d zfr3Q\" dir=\"ltr\">\n<p class=\"CDt4Ke zfr3Q\" dir=\"ltr\">Modelos de gesti\u00f3n<\/p>\n<\/li>\n<li class=\"TYR86d zfr3Q\" dir=\"ltr\">\n<p class=\"CDt4Ke zfr3Q\" dir=\"ltr\">Redes sociales aplicadas a centros educativos<\/p>\n<\/li>\n<li class=\"TYR86d zfr3Q\" dir=\"ltr\">\n<p class=\"CDt4Ke zfr3Q\" dir=\"ltr\">Relaci\u00f3n con otros Centros: Conservatorios y Centros autorizados, Primaria, Secundaria, Proyectos de M\u00fasica Comunitaria&#8230;<\/p>\n<\/li>\n<\/ol>\n<div class=\"CjVfdc\"><strong>Horarios y Programa provisional<\/strong><\/div>\n<p class=\"CDt4Ke zfr3Q\" dir=\"ltr\">1) Cuestionario previo de autorreflexi\u00f3n (a ser rellenado con la preinscripci\u00f3n)<\/p>\n<p class=\"CDt4Ke zfr3Q\" dir=\"ltr\">2) S\u00c1BADO 6 de febrero , 10:00 A 14:00<br \/>\n&#8211; Ponencias, grupos de trabajo y mesas redondas<\/p>\n<p class=\"CDt4Ke zfr3Q\" dir=\"ltr\">3) S\u00c1BADO 6 de febrero, 16:00 A 19:00<br \/>\n&#8211; Comunicaciones seleccionadas<\/p>\n<p class=\"CDt4Ke zfr3Q\" dir=\"ltr\">4) DOMINGO 7 de febrero, 10:00 A 14:00<br \/>\n&#8211; Ponencias, grupos de trabajo y mesas redondas. Conclusiones y cierre<\/p>\n<p class=\"CDt4Ke zfr3Q\" dir=\"ltr\">5) Cuestionario evaluaci\u00f3n y aportaciones tras encuentro<\/p>\n<p class=\"CDt4Ke zfr3Q\" dir=\"ltr\"><em>El programa definitivo se remitir\u00e1 https:\/\/formakuntza.ehme.eu\/a partir del 1 de febrero a todas las personas inscritas<\/em><\/p>\n<div class=\"CjVfdc\"><span class=\" aw5Odc\"><a class=\"XqQF9c\" href=\"https:\/\/sites.google.com\/view\/iv-encuentro-de-escuelas-de-ms\/informaci%C3%B3n\/inscripciones?authuser=0\">INSCRIPCIONES<\/a><\/span><\/div>\n<p class=\"CDt4Ke zfr3Q\" dir=\"ltr\">Participante: 10\u20ac personas socias de alguna de las instituciones organizadoras. 20\u20ac personas no socias.<\/p>\n<p class=\"CDt4Ke zfr3Q\" dir=\"ltr\">Comunicante: Gratuita (en caso que se apruebe por el Comit\u00e9 Organizador)<\/p>\n<p class=\"CDt4Ke zfr3Q\" dir=\"ltr\">Ponentes: (a determinar, se confirmar\u00e1n con el programa definitivo)<\/p>\n<\/div>\n<\/div>\n<\/div>\n<\/div>\n<\/div>\n<\/div>\n<\/div>\n","protected":false},"excerpt":{"rendered":"<p>UEMYD ha organizado para los d\u00edas 6 y 7 de febrero una jornada donde se analizar\u00e1 la LOMLOE, el perfil del profesorado y la gestion de los centros. BLOQUE 1: LOMLOE Las Escuelas de M\u00fasica y Danza y las leyes educativas La propuesta realizada por UEMyD. Visi\u00f3n europea de las Escuelas de M\u00fasica y Danza [&hellip;]<\/p>\n","protected":false},"author":9,"featured_media":138579,"comment_status":"closed","ping_status":"open","sticky":false,"template":"","format":"standard","meta":{"footnotes":""},"categories":[540],"tags":[],"class_list":["post-138578","post","type-post","status-publish","format-standard","has-post-thumbnail","hentry","category-noticias"],"yoast_head":"<!-- This site is optimized with the Yoast SEO plugin v27.4 - https:\/\/yoast.com\/product\/yoast-seo-wordpress\/ -->\n<title>JORNADA PARA EQUIPOS DIRECTIVOS DE ESCUELAS DE M\u00daSICA Y DANZA - EHME<\/title>\n<meta name=\"robots\" content=\"index, follow, max-snippet:-1, max-image-preview:large, max-video-preview:-1\" \/>\n<link rel=\"canonical\" href=\"https:\/\/ehme.eu\/musika-eta-dantza-eskoleentzat-zuzendaritza-taldeentzat-jardunaldia\/\" \/>\n<meta property=\"og:locale\" content=\"es_ES\" \/>\n<meta property=\"og:type\" content=\"article\" \/>\n<meta property=\"og:title\" content=\"JORNADA PARA EQUIPOS DIRECTIVOS DE ESCUELAS DE M\u00daSICA Y DANZA - EHME\" \/>\n<meta property=\"og:description\" content=\"UEMYD ha organizado para los d\u00edas 6 y 7 de febrero una jornada donde se analizar\u00e1 la LOMLOE, el perfil del profesorado y la gestion de los centros. BLOQUE 1: LOMLOE Las Escuelas de M\u00fasica y Danza y las leyes educativas La propuesta realizada por UEMyD. Visi\u00f3n europea de las Escuelas de M\u00fasica y Danza [&hellip;]\" \/>\n<meta property=\"og:url\" content=\"https:\/\/ehme.eu\/musika-eta-dantza-eskoleentzat-zuzendaritza-taldeentzat-jardunaldia\/\" \/>\n<meta property=\"og:site_name\" content=\"EHME\" \/>\n<meta property=\"article:published_time\" content=\"2020-11-30T08:55:03+00:00\" \/>\n<meta property=\"og:image\" content=\"https:\/\/ehme.eu\/wp-content\/uploads\/2020\/11\/IV-encuentro.jpg\" \/>\n\t<meta property=\"og:image:width\" content=\"1097\" \/>\n\t<meta property=\"og:image:height\" content=\"737\" \/>\n\t<meta property=\"og:image:type\" content=\"image\/jpeg\" \/>\n<meta name=\"author\" content=\"ehme_adm\" \/>\n<meta name=\"twitter:card\" content=\"summary_large_image\" \/>\n<meta name=\"twitter:label1\" content=\"Escrito por\" \/>\n\t<meta name=\"twitter:data1\" content=\"ehme_adm\" \/>\n\t<meta name=\"twitter:label2\" content=\"Tiempo de lectura\" \/>\n\t<meta name=\"twitter:data2\" content=\"1 minuto\" \/>\n<script type=\"application\/ld+json\" class=\"yoast-schema-graph\">{\"@context\":\"https:\\\/\\\/schema.org\",\"@graph\":[{\"@type\":\"Article\",\"@id\":\"https:\\\/\\\/ehme.eu\\\/musika-eta-dantza-eskoleentzat-zuzendaritza-taldeentzat-jardunaldia\\\/#article\",\"isPartOf\":{\"@id\":\"https:\\\/\\\/ehme.eu\\\/musika-eta-dantza-eskoleentzat-zuzendaritza-taldeentzat-jardunaldia\\\/\"},\"author\":{\"name\":\"ehme_adm\",\"@id\":\"https:\\\/\\\/ehme.eu\\\/#\\\/schema\\\/person\\\/c3c1df3a62236ae6a6ac35940724673f\"},\"headline\":\"JORNADA PARA EQUIPOS DIRECTIVOS DE ESCUELAS DE M\u00daSICA Y DANZA\",\"datePublished\":\"2020-11-30T08:55:03+00:00\",\"mainEntityOfPage\":{\"@id\":\"https:\\\/\\\/ehme.eu\\\/musika-eta-dantza-eskoleentzat-zuzendaritza-taldeentzat-jardunaldia\\\/\"},\"wordCount\":259,\"image\":{\"@id\":\"https:\\\/\\\/ehme.eu\\\/musika-eta-dantza-eskoleentzat-zuzendaritza-taldeentzat-jardunaldia\\\/#primaryimage\"},\"thumbnailUrl\":\"https:\\\/\\\/ehme.eu\\\/wp-content\\\/uploads\\\/2020\\\/11\\\/IV-encuentro.jpg\",\"articleSection\":[\"Noticias\"],\"inLanguage\":\"es\"},{\"@type\":\"WebPage\",\"@id\":\"https:\\\/\\\/ehme.eu\\\/musika-eta-dantza-eskoleentzat-zuzendaritza-taldeentzat-jardunaldia\\\/\",\"url\":\"https:\\\/\\\/ehme.eu\\\/musika-eta-dantza-eskoleentzat-zuzendaritza-taldeentzat-jardunaldia\\\/\",\"name\":\"JORNADA PARA EQUIPOS DIRECTIVOS DE ESCUELAS DE M\u00daSICA Y DANZA - EHME\",\"isPartOf\":{\"@id\":\"https:\\\/\\\/ehme.eu\\\/#website\"},\"primaryImageOfPage\":{\"@id\":\"https:\\\/\\\/ehme.eu\\\/musika-eta-dantza-eskoleentzat-zuzendaritza-taldeentzat-jardunaldia\\\/#primaryimage\"},\"image\":{\"@id\":\"https:\\\/\\\/ehme.eu\\\/musika-eta-dantza-eskoleentzat-zuzendaritza-taldeentzat-jardunaldia\\\/#primaryimage\"},\"thumbnailUrl\":\"https:\\\/\\\/ehme.eu\\\/wp-content\\\/uploads\\\/2020\\\/11\\\/IV-encuentro.jpg\",\"datePublished\":\"2020-11-30T08:55:03+00:00\",\"author\":{\"@id\":\"https:\\\/\\\/ehme.eu\\\/#\\\/schema\\\/person\\\/c3c1df3a62236ae6a6ac35940724673f\"},\"breadcrumb\":{\"@id\":\"https:\\\/\\\/ehme.eu\\\/musika-eta-dantza-eskoleentzat-zuzendaritza-taldeentzat-jardunaldia\\\/#breadcrumb\"},\"inLanguage\":\"es\",\"potentialAction\":[{\"@type\":\"ReadAction\",\"target\":[\"https:\\\/\\\/ehme.eu\\\/musika-eta-dantza-eskoleentzat-zuzendaritza-taldeentzat-jardunaldia\\\/\"]}]},{\"@type\":\"ImageObject\",\"inLanguage\":\"es\",\"@id\":\"https:\\\/\\\/ehme.eu\\\/musika-eta-dantza-eskoleentzat-zuzendaritza-taldeentzat-jardunaldia\\\/#primaryimage\",\"url\":\"https:\\\/\\\/ehme.eu\\\/wp-content\\\/uploads\\\/2020\\\/11\\\/IV-encuentro.jpg\",\"contentUrl\":\"https:\\\/\\\/ehme.eu\\\/wp-content\\\/uploads\\\/2020\\\/11\\\/IV-encuentro.jpg\",\"width\":1097,\"height\":737},{\"@type\":\"BreadcrumbList\",\"@id\":\"https:\\\/\\\/ehme.eu\\\/musika-eta-dantza-eskoleentzat-zuzendaritza-taldeentzat-jardunaldia\\\/#breadcrumb\",\"itemListElement\":[{\"@type\":\"ListItem\",\"position\":1,\"name\":\"Portada\",\"item\":\"https:\\\/\\\/ehme.eu\\\/es\\\/\"},{\"@type\":\"ListItem\",\"position\":2,\"name\":\"JORNADA PARA EQUIPOS DIRECTIVOS DE ESCUELAS DE M\u00daSICA Y DANZA\"}]},{\"@type\":\"WebSite\",\"@id\":\"https:\\\/\\\/ehme.eu\\\/#website\",\"url\":\"https:\\\/\\\/ehme.eu\\\/\",\"name\":\"EHME\",\"description\":\"Asociaci\u00f3n de Escuelas de M\u00fasica y Danza del Pa\u00eds Vasco\",\"potentialAction\":[{\"@type\":\"SearchAction\",\"target\":{\"@type\":\"EntryPoint\",\"urlTemplate\":\"https:\\\/\\\/ehme.eu\\\/?s={search_term_string}\"},\"query-input\":{\"@type\":\"PropertyValueSpecification\",\"valueRequired\":true,\"valueName\":\"search_term_string\"}}],\"inLanguage\":\"es\"},{\"@type\":\"Person\",\"@id\":\"https:\\\/\\\/ehme.eu\\\/#\\\/schema\\\/person\\\/c3c1df3a62236ae6a6ac35940724673f\",\"name\":\"ehme_adm\",\"image\":{\"@type\":\"ImageObject\",\"inLanguage\":\"es\",\"@id\":\"https:\\\/\\\/secure.gravatar.com\\\/avatar\\\/96ee52075299345544bd8a4cfa0e980cf23d506270bf1080483417c5f548a9dc?s=96&d=mm&r=g\",\"url\":\"https:\\\/\\\/secure.gravatar.com\\\/avatar\\\/96ee52075299345544bd8a4cfa0e980cf23d506270bf1080483417c5f548a9dc?s=96&d=mm&r=g\",\"contentUrl\":\"https:\\\/\\\/secure.gravatar.com\\\/avatar\\\/96ee52075299345544bd8a4cfa0e980cf23d506270bf1080483417c5f548a9dc?s=96&d=mm&r=g\",\"caption\":\"ehme_adm\"}}]}<\/script>\n<!-- \/ Yoast SEO plugin. -->","yoast_head_json":{"title":"JORNADA PARA EQUIPOS DIRECTIVOS DE ESCUELAS DE M\u00daSICA Y DANZA - EHME","robots":{"index":"index","follow":"follow","max-snippet":"max-snippet:-1","max-image-preview":"max-image-preview:large","max-video-preview":"max-video-preview:-1"},"canonical":"https:\/\/ehme.eu\/musika-eta-dantza-eskoleentzat-zuzendaritza-taldeentzat-jardunaldia\/","og_locale":"es_ES","og_type":"article","og_title":"JORNADA PARA EQUIPOS DIRECTIVOS DE ESCUELAS DE M\u00daSICA Y DANZA - EHME","og_description":"UEMYD ha organizado para los d\u00edas 6 y 7 de febrero una jornada donde se analizar\u00e1 la LOMLOE, el perfil del profesorado y la gestion de los centros. BLOQUE 1: LOMLOE Las Escuelas de M\u00fasica y Danza y las leyes educativas La propuesta realizada por UEMyD. Visi\u00f3n europea de las Escuelas de M\u00fasica y Danza [&hellip;]","og_url":"https:\/\/ehme.eu\/musika-eta-dantza-eskoleentzat-zuzendaritza-taldeentzat-jardunaldia\/","og_site_name":"EHME","article_published_time":"2020-11-30T08:55:03+00:00","og_image":[{"width":1097,"height":737,"url":"https:\/\/ehme.eu\/wp-content\/uploads\/2020\/11\/IV-encuentro.jpg","type":"image\/jpeg"}],"author":"ehme_adm","twitter_card":"summary_large_image","twitter_misc":{"Escrito por":"ehme_adm","Tiempo de lectura":"1 minuto"},"schema":{"@context":"https:\/\/schema.org","@graph":[{"@type":"Article","@id":"https:\/\/ehme.eu\/musika-eta-dantza-eskoleentzat-zuzendaritza-taldeentzat-jardunaldia\/#article","isPartOf":{"@id":"https:\/\/ehme.eu\/musika-eta-dantza-eskoleentzat-zuzendaritza-taldeentzat-jardunaldia\/"},"author":{"name":"ehme_adm","@id":"https:\/\/ehme.eu\/#\/schema\/person\/c3c1df3a62236ae6a6ac35940724673f"},"headline":"JORNADA PARA EQUIPOS DIRECTIVOS DE ESCUELAS DE M\u00daSICA Y DANZA","datePublished":"2020-11-30T08:55:03+00:00","mainEntityOfPage":{"@id":"https:\/\/ehme.eu\/musika-eta-dantza-eskoleentzat-zuzendaritza-taldeentzat-jardunaldia\/"},"wordCount":259,"image":{"@id":"https:\/\/ehme.eu\/musika-eta-dantza-eskoleentzat-zuzendaritza-taldeentzat-jardunaldia\/#primaryimage"},"thumbnailUrl":"https:\/\/ehme.eu\/wp-content\/uploads\/2020\/11\/IV-encuentro.jpg","articleSection":["Noticias"],"inLanguage":"es"},{"@type":"WebPage","@id":"https:\/\/ehme.eu\/musika-eta-dantza-eskoleentzat-zuzendaritza-taldeentzat-jardunaldia\/","url":"https:\/\/ehme.eu\/musika-eta-dantza-eskoleentzat-zuzendaritza-taldeentzat-jardunaldia\/","name":"JORNADA PARA EQUIPOS DIRECTIVOS DE ESCUELAS DE M\u00daSICA Y DANZA - EHME","isPartOf":{"@id":"https:\/\/ehme.eu\/#website"},"primaryImageOfPage":{"@id":"https:\/\/ehme.eu\/musika-eta-dantza-eskoleentzat-zuzendaritza-taldeentzat-jardunaldia\/#primaryimage"},"image":{"@id":"https:\/\/ehme.eu\/musika-eta-dantza-eskoleentzat-zuzendaritza-taldeentzat-jardunaldia\/#primaryimage"},"thumbnailUrl":"https:\/\/ehme.eu\/wp-content\/uploads\/2020\/11\/IV-encuentro.jpg","datePublished":"2020-11-30T08:55:03+00:00","author":{"@id":"https:\/\/ehme.eu\/#\/schema\/person\/c3c1df3a62236ae6a6ac35940724673f"},"breadcrumb":{"@id":"https:\/\/ehme.eu\/musika-eta-dantza-eskoleentzat-zuzendaritza-taldeentzat-jardunaldia\/#breadcrumb"},"inLanguage":"es","potentialAction":[{"@type":"ReadAction","target":["https:\/\/ehme.eu\/musika-eta-dantza-eskoleentzat-zuzendaritza-taldeentzat-jardunaldia\/"]}]},{"@type":"ImageObject","inLanguage":"es","@id":"https:\/\/ehme.eu\/musika-eta-dantza-eskoleentzat-zuzendaritza-taldeentzat-jardunaldia\/#primaryimage","url":"https:\/\/ehme.eu\/wp-content\/uploads\/2020\/11\/IV-encuentro.jpg","contentUrl":"https:\/\/ehme.eu\/wp-content\/uploads\/2020\/11\/IV-encuentro.jpg","width":1097,"height":737},{"@type":"BreadcrumbList","@id":"https:\/\/ehme.eu\/musika-eta-dantza-eskoleentzat-zuzendaritza-taldeentzat-jardunaldia\/#breadcrumb","itemListElement":[{"@type":"ListItem","position":1,"name":"Portada","item":"https:\/\/ehme.eu\/es\/"},{"@type":"ListItem","position":2,"name":"JORNADA PARA EQUIPOS DIRECTIVOS DE ESCUELAS DE M\u00daSICA Y DANZA"}]},{"@type":"WebSite","@id":"https:\/\/ehme.eu\/#website","url":"https:\/\/ehme.eu\/","name":"EHME","description":"Asociaci\u00f3n de Escuelas de M\u00fasica y Danza del Pa\u00eds Vasco","potentialAction":[{"@type":"SearchAction","target":{"@type":"EntryPoint","urlTemplate":"https:\/\/ehme.eu\/?s={search_term_string}"},"query-input":{"@type":"PropertyValueSpecification","valueRequired":true,"valueName":"search_term_string"}}],"inLanguage":"es"},{"@type":"Person","@id":"https:\/\/ehme.eu\/#\/schema\/person\/c3c1df3a62236ae6a6ac35940724673f","name":"ehme_adm","image":{"@type":"ImageObject","inLanguage":"es","@id":"https:\/\/secure.gravatar.com\/avatar\/96ee52075299345544bd8a4cfa0e980cf23d506270bf1080483417c5f548a9dc?s=96&d=mm&r=g","url":"https:\/\/secure.gravatar.com\/avatar\/96ee52075299345544bd8a4cfa0e980cf23d506270bf1080483417c5f548a9dc?s=96&d=mm&r=g","contentUrl":"https:\/\/secure.gravatar.com\/avatar\/96ee52075299345544bd8a4cfa0e980cf23d506270bf1080483417c5f548a9dc?s=96&d=mm&r=g","caption":"ehme_adm"}}]}},"_links":{"self":[{"href":"https:\/\/ehme.eu\/es\/wp-json\/wp\/v2\/posts\/138578","targetHints":{"allow":["GET"]}}],"collection":[{"href":"https:\/\/ehme.eu\/es\/wp-json\/wp\/v2\/posts"}],"about":[{"href":"https:\/\/ehme.eu\/es\/wp-json\/wp\/v2\/types\/post"}],"author":[{"embeddable":true,"href":"https:\/\/ehme.eu\/es\/wp-json\/wp\/v2\/users\/9"}],"replies":[{"embeddable":true,"href":"https:\/\/ehme.eu\/es\/wp-json\/wp\/v2\/comments?post=138578"}],"version-history":[{"count":0,"href":"https:\/\/ehme.eu\/es\/wp-json\/wp\/v2\/posts\/138578\/revisions"}],"wp:featuredmedia":[{"embeddable":true,"href":"https:\/\/ehme.eu\/es\/wp-json\/wp\/v2\/media\/138579"}],"wp:attachment":[{"href":"https:\/\/ehme.eu\/es\/wp-json\/wp\/v2\/media?parent=138578"}],"wp:term":[{"taxonomy":"category","embeddable":true,"href":"https:\/\/ehme.eu\/es\/wp-json\/wp\/v2\/categories?post=138578"},{"taxonomy":"post_tag","embeddable":true,"href":"https:\/\/ehme.eu\/es\/wp-json\/wp\/v2\/tags?post=138578"}],"curies":[{"name":"wp","href":"https:\/\/api.w.org\/{rel}","templated":true}]}}