{"id":138586,"date":"2020-12-01T10:10:35","date_gmt":"2020-12-01T10:10:35","guid":{"rendered":"https:\/\/ehme.eu\/?p=138586"},"modified":"2020-12-01T10:10:35","modified_gmt":"2020-12-01T10:10:35","slug":"se-amplia-la-bolsa-de-trabajo-comunitaria-de-las-escuelas-de-musica","status":"publish","type":"post","link":"https:\/\/ehme.eu\/es\/se-amplia-la-bolsa-de-trabajo-comunitaria-de-las-escuelas-de-musica\/","title":{"rendered":"SE AMPL\u00cdA LA BOLSA DE TRABAJO COMUNITARIA DE LAS ESCUELAS DE M\u00daSICA"},"content":{"rendered":"<p>El objeto de la presente convocatoria, es la continuidad de las bolsas de trabajo creadas por la Escuela Municipal de M\u00fasica y Danza en 2019 y ampliadas en 2020, mediante la incorporaci\u00f3n de nuevos candidatos en base al art\u00edculo 3 de los criterios para la constituci\u00f3n y gesti\u00f3n de las mismas.<\/p>\n<p>Las personas que accedan a la bolsa de trabajo a trav\u00e9s de esta convocatoria ser\u00e1n incluidas en las listas correspondientes una vez finalizado el proceso de selecci\u00f3n, detr\u00e1s de los componentes de la bolsa de trabajo de 2019 y de la ampliaci\u00f3n del 2020, con cero puntos, y seg\u00fan el orden de resultados obtenidos en el proceso de selecci\u00f3n.<\/p>\n<p><strong>Cita Previa<\/strong><\/p>\n<p>Dada la situaci\u00f3n actual y con el fin de evitar aglomeraciones y poder dedicar el tiempo necesario a cada una de las solicitudes, la Escuela Municipal de M\u00fasica y Danza de San Sebasti\u00e1n opta por un sistema de citas previas, que se podr\u00e1n pedir mediante un formulario, para las solicitudes de la ampliaci\u00f3n de bolsas de trabajo para el profesorado.<\/p>\n<p>El plazo de las citas ser\u00e1 desde el 1 de diciembre de 2020 hasta el 29 de diciembre de 2020. Se aceptar\u00e1 una \u00fanica cita por persona para todas las especialidades. Es decir, el profesorado deber\u00e1 tramitar todas las solicitudes en una sola cita. El horario de las citas ser\u00e1 de 9:30 a 13:00.<\/p>\n<p><strong>Pasos del procedimiento<\/strong><\/p>\n<p>1. Solicitar CITA PREVIA en la Escuela Municipal de M\u00fasica y Danza de Donostia \/ San Sebasti\u00e1n en el siguiente formulario. (Una \u00fanica cita por persona para todas las especialidades). Para pedir cita previa pulse\u00a0<a href=\"https:\/\/docs.google.com\/forms\/d\/e\/1FAIpQLSdK_soMYVfICAEoKlKRPvqneQIrm3sPsRdGFTk_W5HeotzJzw\/viewform?gxids=7757\"><u>aqu\u00ed<\/u><\/a>.<br \/>\n2. Recibir\u00e1s la confirmaci\u00f3n por email, y ese ser\u00e1 tu justificante de hora.<br \/>\n3. En caso de no existir cita previa, o si se prefiere, se podr\u00e1 hacer la solicitud en cualquier otra oficina de registro de UDALinfo.<br \/>\n4. Aportar documentos originales y copias ordenadas junto a la solicitud.<\/p>\n<p><strong>Plazos<\/strong><\/p>\n<p>Los plazos previstos para este proceso de ampliaci\u00f3n de bolsas de trabajo 2021 contemplan:<br \/>\n1. Publicaci\u00f3n de las bases (30\/11\/2020.<br \/>\n2. Presentaci\u00f3n de instancias (01\/12\/2020-31\/12\/2020).<br \/>\n3. Resoluci\u00f3n provisional admitidos y tribunales (05\/01\/2021).<br \/>\n4. Resoluci\u00f3n definitiva de admitidos (22\/01\/2021).<br \/>\n5. Ex\u00e1menes voluntarios(26\/01\/2021).<br \/>\n6. Ex\u00e1menes de aptitud (del 25 al 30 de enero de 2021).<br \/>\n7. Resoluci\u00f3n provisional (01\/02\/2021)<br \/>\n8. Resoluci\u00f3n definitiva (19\/02\/2021)<\/p>\n","protected":false},"excerpt":{"rendered":"<p>El objeto de la presente convocatoria, es la continuidad de las bolsas de trabajo creadas por la Escuela Municipal de M\u00fasica y Danza en 2019 y ampliadas en 2020, mediante la incorporaci\u00f3n de nuevos candidatos en base al art\u00edculo 3 de los criterios para la constituci\u00f3n y gesti\u00f3n de las mismas. Las personas que accedan [&hellip;]<\/p>\n","protected":false},"author":9,"featured_media":138587,"comment_status":"closed","ping_status":"open","sticky":false,"template":"","format":"standard","meta":{"footnotes":""},"categories":[540],"tags":[],"class_list":["post-138586","post","type-post","status-publish","format-standard","has-post-thumbnail","hentry","category-noticias"],"yoast_head":"<!-- This site is optimized with the Yoast SEO plugin v27.4 - https:\/\/yoast.com\/product\/yoast-seo-wordpress\/ -->\n<title>SE AMPL\u00cdA LA BOLSA DE TRABAJO COMUNITARIA DE LAS ESCUELAS DE M\u00daSICA - EHME<\/title>\n<meta name=\"robots\" content=\"index, follow, max-snippet:-1, max-image-preview:large, max-video-preview:-1\" \/>\n<link rel=\"canonical\" href=\"https:\/\/ehme.eu\/musika-eskolen-arteko-lan-poltsak-zabaltzen-dira\/\" \/>\n<meta property=\"og:locale\" content=\"es_ES\" \/>\n<meta property=\"og:type\" content=\"article\" \/>\n<meta property=\"og:title\" content=\"SE AMPL\u00cdA LA BOLSA DE TRABAJO COMUNITARIA DE LAS ESCUELAS DE M\u00daSICA - EHME\" \/>\n<meta property=\"og:description\" content=\"El objeto de la presente convocatoria, es la continuidad de las bolsas de trabajo creadas por la Escuela Municipal de M\u00fasica y Danza en 2019 y ampliadas en 2020, mediante la incorporaci\u00f3n de nuevos candidatos en base al art\u00edculo 3 de los criterios para la constituci\u00f3n y gesti\u00f3n de las mismas. Las personas que accedan [&hellip;]\" \/>\n<meta property=\"og:url\" content=\"https:\/\/ehme.eu\/musika-eskolen-arteko-lan-poltsak-zabaltzen-dira\/\" \/>\n<meta property=\"og:site_name\" content=\"EHME\" \/>\n<meta property=\"article:published_time\" content=\"2020-12-01T10:10:35+00:00\" \/>\n<meta property=\"og:image\" content=\"https:\/\/ehme.eu\/wp-content\/uploads\/2020\/12\/lan-poltsa.jpg\" \/>\n\t<meta property=\"og:image:width\" content=\"600\" \/>\n\t<meta property=\"og:image:height\" content=\"383\" \/>\n\t<meta property=\"og:image:type\" content=\"image\/jpeg\" \/>\n<meta name=\"author\" content=\"ehme_adm\" \/>\n<meta name=\"twitter:card\" content=\"summary_large_image\" \/>\n<meta name=\"twitter:label1\" content=\"Escrito por\" \/>\n\t<meta name=\"twitter:data1\" content=\"ehme_adm\" \/>\n\t<meta name=\"twitter:label2\" content=\"Tiempo de lectura\" \/>\n\t<meta name=\"twitter:data2\" content=\"2 minutos\" \/>\n<script type=\"application\/ld+json\" class=\"yoast-schema-graph\">{\"@context\":\"https:\\\/\\\/schema.org\",\"@graph\":[{\"@type\":\"Article\",\"@id\":\"https:\\\/\\\/ehme.eu\\\/musika-eskolen-arteko-lan-poltsak-zabaltzen-dira\\\/#article\",\"isPartOf\":{\"@id\":\"https:\\\/\\\/ehme.eu\\\/musika-eskolen-arteko-lan-poltsak-zabaltzen-dira\\\/\"},\"author\":{\"name\":\"ehme_adm\",\"@id\":\"https:\\\/\\\/ehme.eu\\\/#\\\/schema\\\/person\\\/c3c1df3a62236ae6a6ac35940724673f\"},\"headline\":\"SE AMPL\u00cdA LA BOLSA DE TRABAJO COMUNITARIA DE LAS ESCUELAS DE M\u00daSICA\",\"datePublished\":\"2020-12-01T10:10:35+00:00\",\"mainEntityOfPage\":{\"@id\":\"https:\\\/\\\/ehme.eu\\\/musika-eskolen-arteko-lan-poltsak-zabaltzen-dira\\\/\"},\"wordCount\":387,\"image\":{\"@id\":\"https:\\\/\\\/ehme.eu\\\/musika-eskolen-arteko-lan-poltsak-zabaltzen-dira\\\/#primaryimage\"},\"thumbnailUrl\":\"https:\\\/\\\/ehme.eu\\\/wp-content\\\/uploads\\\/2020\\\/12\\\/lan-poltsa.jpg\",\"articleSection\":[\"Noticias\"],\"inLanguage\":\"es\"},{\"@type\":\"WebPage\",\"@id\":\"https:\\\/\\\/ehme.eu\\\/musika-eskolen-arteko-lan-poltsak-zabaltzen-dira\\\/\",\"url\":\"https:\\\/\\\/ehme.eu\\\/musika-eskolen-arteko-lan-poltsak-zabaltzen-dira\\\/\",\"name\":\"SE AMPL\u00cdA LA BOLSA DE TRABAJO COMUNITARIA DE LAS ESCUELAS DE M\u00daSICA - EHME\",\"isPartOf\":{\"@id\":\"https:\\\/\\\/ehme.eu\\\/#website\"},\"primaryImageOfPage\":{\"@id\":\"https:\\\/\\\/ehme.eu\\\/musika-eskolen-arteko-lan-poltsak-zabaltzen-dira\\\/#primaryimage\"},\"image\":{\"@id\":\"https:\\\/\\\/ehme.eu\\\/musika-eskolen-arteko-lan-poltsak-zabaltzen-dira\\\/#primaryimage\"},\"thumbnailUrl\":\"https:\\\/\\\/ehme.eu\\\/wp-content\\\/uploads\\\/2020\\\/12\\\/lan-poltsa.jpg\",\"datePublished\":\"2020-12-01T10:10:35+00:00\",\"author\":{\"@id\":\"https:\\\/\\\/ehme.eu\\\/#\\\/schema\\\/person\\\/c3c1df3a62236ae6a6ac35940724673f\"},\"breadcrumb\":{\"@id\":\"https:\\\/\\\/ehme.eu\\\/musika-eskolen-arteko-lan-poltsak-zabaltzen-dira\\\/#breadcrumb\"},\"inLanguage\":\"es\",\"potentialAction\":[{\"@type\":\"ReadAction\",\"target\":[\"https:\\\/\\\/ehme.eu\\\/musika-eskolen-arteko-lan-poltsak-zabaltzen-dira\\\/\"]}]},{\"@type\":\"ImageObject\",\"inLanguage\":\"es\",\"@id\":\"https:\\\/\\\/ehme.eu\\\/musika-eskolen-arteko-lan-poltsak-zabaltzen-dira\\\/#primaryimage\",\"url\":\"https:\\\/\\\/ehme.eu\\\/wp-content\\\/uploads\\\/2020\\\/12\\\/lan-poltsa.jpg\",\"contentUrl\":\"https:\\\/\\\/ehme.eu\\\/wp-content\\\/uploads\\\/2020\\\/12\\\/lan-poltsa.jpg\",\"width\":600,\"height\":383},{\"@type\":\"BreadcrumbList\",\"@id\":\"https:\\\/\\\/ehme.eu\\\/musika-eskolen-arteko-lan-poltsak-zabaltzen-dira\\\/#breadcrumb\",\"itemListElement\":[{\"@type\":\"ListItem\",\"position\":1,\"name\":\"Portada\",\"item\":\"https:\\\/\\\/ehme.eu\\\/es\\\/\"},{\"@type\":\"ListItem\",\"position\":2,\"name\":\"SE AMPL\u00cdA LA BOLSA DE TRABAJO COMUNITARIA DE LAS ESCUELAS DE M\u00daSICA\"}]},{\"@type\":\"WebSite\",\"@id\":\"https:\\\/\\\/ehme.eu\\\/#website\",\"url\":\"https:\\\/\\\/ehme.eu\\\/\",\"name\":\"EHME\",\"description\":\"Asociaci\u00f3n de Escuelas de M\u00fasica y Danza del Pa\u00eds Vasco\",\"potentialAction\":[{\"@type\":\"SearchAction\",\"target\":{\"@type\":\"EntryPoint\",\"urlTemplate\":\"https:\\\/\\\/ehme.eu\\\/?s={search_term_string}\"},\"query-input\":{\"@type\":\"PropertyValueSpecification\",\"valueRequired\":true,\"valueName\":\"search_term_string\"}}],\"inLanguage\":\"es\"},{\"@type\":\"Person\",\"@id\":\"https:\\\/\\\/ehme.eu\\\/#\\\/schema\\\/person\\\/c3c1df3a62236ae6a6ac35940724673f\",\"name\":\"ehme_adm\",\"image\":{\"@type\":\"ImageObject\",\"inLanguage\":\"es\",\"@id\":\"https:\\\/\\\/secure.gravatar.com\\\/avatar\\\/96ee52075299345544bd8a4cfa0e980cf23d506270bf1080483417c5f548a9dc?s=96&d=mm&r=g\",\"url\":\"https:\\\/\\\/secure.gravatar.com\\\/avatar\\\/96ee52075299345544bd8a4cfa0e980cf23d506270bf1080483417c5f548a9dc?s=96&d=mm&r=g\",\"contentUrl\":\"https:\\\/\\\/secure.gravatar.com\\\/avatar\\\/96ee52075299345544bd8a4cfa0e980cf23d506270bf1080483417c5f548a9dc?s=96&d=mm&r=g\",\"caption\":\"ehme_adm\"}}]}<\/script>\n<!-- \/ Yoast SEO plugin. -->","yoast_head_json":{"title":"SE AMPL\u00cdA LA BOLSA DE TRABAJO COMUNITARIA DE LAS ESCUELAS DE M\u00daSICA - EHME","robots":{"index":"index","follow":"follow","max-snippet":"max-snippet:-1","max-image-preview":"max-image-preview:large","max-video-preview":"max-video-preview:-1"},"canonical":"https:\/\/ehme.eu\/musika-eskolen-arteko-lan-poltsak-zabaltzen-dira\/","og_locale":"es_ES","og_type":"article","og_title":"SE AMPL\u00cdA LA BOLSA DE TRABAJO COMUNITARIA DE LAS ESCUELAS DE M\u00daSICA - EHME","og_description":"El objeto de la presente convocatoria, es la continuidad de las bolsas de trabajo creadas por la Escuela Municipal de M\u00fasica y Danza en 2019 y ampliadas en 2020, mediante la incorporaci\u00f3n de nuevos candidatos en base al art\u00edculo 3 de los criterios para la constituci\u00f3n y gesti\u00f3n de las mismas. Las personas que accedan [&hellip;]","og_url":"https:\/\/ehme.eu\/musika-eskolen-arteko-lan-poltsak-zabaltzen-dira\/","og_site_name":"EHME","article_published_time":"2020-12-01T10:10:35+00:00","og_image":[{"width":600,"height":383,"url":"https:\/\/ehme.eu\/wp-content\/uploads\/2020\/12\/lan-poltsa.jpg","type":"image\/jpeg"}],"author":"ehme_adm","twitter_card":"summary_large_image","twitter_misc":{"Escrito por":"ehme_adm","Tiempo de lectura":"2 minutos"},"schema":{"@context":"https:\/\/schema.org","@graph":[{"@type":"Article","@id":"https:\/\/ehme.eu\/musika-eskolen-arteko-lan-poltsak-zabaltzen-dira\/#article","isPartOf":{"@id":"https:\/\/ehme.eu\/musika-eskolen-arteko-lan-poltsak-zabaltzen-dira\/"},"author":{"name":"ehme_adm","@id":"https:\/\/ehme.eu\/#\/schema\/person\/c3c1df3a62236ae6a6ac35940724673f"},"headline":"SE AMPL\u00cdA LA BOLSA DE TRABAJO COMUNITARIA DE LAS ESCUELAS DE M\u00daSICA","datePublished":"2020-12-01T10:10:35+00:00","mainEntityOfPage":{"@id":"https:\/\/ehme.eu\/musika-eskolen-arteko-lan-poltsak-zabaltzen-dira\/"},"wordCount":387,"image":{"@id":"https:\/\/ehme.eu\/musika-eskolen-arteko-lan-poltsak-zabaltzen-dira\/#primaryimage"},"thumbnailUrl":"https:\/\/ehme.eu\/wp-content\/uploads\/2020\/12\/lan-poltsa.jpg","articleSection":["Noticias"],"inLanguage":"es"},{"@type":"WebPage","@id":"https:\/\/ehme.eu\/musika-eskolen-arteko-lan-poltsak-zabaltzen-dira\/","url":"https:\/\/ehme.eu\/musika-eskolen-arteko-lan-poltsak-zabaltzen-dira\/","name":"SE AMPL\u00cdA LA BOLSA DE TRABAJO COMUNITARIA DE LAS ESCUELAS DE M\u00daSICA - EHME","isPartOf":{"@id":"https:\/\/ehme.eu\/#website"},"primaryImageOfPage":{"@id":"https:\/\/ehme.eu\/musika-eskolen-arteko-lan-poltsak-zabaltzen-dira\/#primaryimage"},"image":{"@id":"https:\/\/ehme.eu\/musika-eskolen-arteko-lan-poltsak-zabaltzen-dira\/#primaryimage"},"thumbnailUrl":"https:\/\/ehme.eu\/wp-content\/uploads\/2020\/12\/lan-poltsa.jpg","datePublished":"2020-12-01T10:10:35+00:00","author":{"@id":"https:\/\/ehme.eu\/#\/schema\/person\/c3c1df3a62236ae6a6ac35940724673f"},"breadcrumb":{"@id":"https:\/\/ehme.eu\/musika-eskolen-arteko-lan-poltsak-zabaltzen-dira\/#breadcrumb"},"inLanguage":"es","potentialAction":[{"@type":"ReadAction","target":["https:\/\/ehme.eu\/musika-eskolen-arteko-lan-poltsak-zabaltzen-dira\/"]}]},{"@type":"ImageObject","inLanguage":"es","@id":"https:\/\/ehme.eu\/musika-eskolen-arteko-lan-poltsak-zabaltzen-dira\/#primaryimage","url":"https:\/\/ehme.eu\/wp-content\/uploads\/2020\/12\/lan-poltsa.jpg","contentUrl":"https:\/\/ehme.eu\/wp-content\/uploads\/2020\/12\/lan-poltsa.jpg","width":600,"height":383},{"@type":"BreadcrumbList","@id":"https:\/\/ehme.eu\/musika-eskolen-arteko-lan-poltsak-zabaltzen-dira\/#breadcrumb","itemListElement":[{"@type":"ListItem","position":1,"name":"Portada","item":"https:\/\/ehme.eu\/es\/"},{"@type":"ListItem","position":2,"name":"SE AMPL\u00cdA LA BOLSA DE TRABAJO COMUNITARIA DE LAS ESCUELAS DE M\u00daSICA"}]},{"@type":"WebSite","@id":"https:\/\/ehme.eu\/#website","url":"https:\/\/ehme.eu\/","name":"EHME","description":"Asociaci\u00f3n de Escuelas de M\u00fasica y Danza del Pa\u00eds Vasco","potentialAction":[{"@type":"SearchAction","target":{"@type":"EntryPoint","urlTemplate":"https:\/\/ehme.eu\/?s={search_term_string}"},"query-input":{"@type":"PropertyValueSpecification","valueRequired":true,"valueName":"search_term_string"}}],"inLanguage":"es"},{"@type":"Person","@id":"https:\/\/ehme.eu\/#\/schema\/person\/c3c1df3a62236ae6a6ac35940724673f","name":"ehme_adm","image":{"@type":"ImageObject","inLanguage":"es","@id":"https:\/\/secure.gravatar.com\/avatar\/96ee52075299345544bd8a4cfa0e980cf23d506270bf1080483417c5f548a9dc?s=96&d=mm&r=g","url":"https:\/\/secure.gravatar.com\/avatar\/96ee52075299345544bd8a4cfa0e980cf23d506270bf1080483417c5f548a9dc?s=96&d=mm&r=g","contentUrl":"https:\/\/secure.gravatar.com\/avatar\/96ee52075299345544bd8a4cfa0e980cf23d506270bf1080483417c5f548a9dc?s=96&d=mm&r=g","caption":"ehme_adm"}}]}},"_links":{"self":[{"href":"https:\/\/ehme.eu\/es\/wp-json\/wp\/v2\/posts\/138586","targetHints":{"allow":["GET"]}}],"collection":[{"href":"https:\/\/ehme.eu\/es\/wp-json\/wp\/v2\/posts"}],"about":[{"href":"https:\/\/ehme.eu\/es\/wp-json\/wp\/v2\/types\/post"}],"author":[{"embeddable":true,"href":"https:\/\/ehme.eu\/es\/wp-json\/wp\/v2\/users\/9"}],"replies":[{"embeddable":true,"href":"https:\/\/ehme.eu\/es\/wp-json\/wp\/v2\/comments?post=138586"}],"version-history":[{"count":0,"href":"https:\/\/ehme.eu\/es\/wp-json\/wp\/v2\/posts\/138586\/revisions"}],"wp:featuredmedia":[{"embeddable":true,"href":"https:\/\/ehme.eu\/es\/wp-json\/wp\/v2\/media\/138587"}],"wp:attachment":[{"href":"https:\/\/ehme.eu\/es\/wp-json\/wp\/v2\/media?parent=138586"}],"wp:term":[{"taxonomy":"category","embeddable":true,"href":"https:\/\/ehme.eu\/es\/wp-json\/wp\/v2\/categories?post=138586"},{"taxonomy":"post_tag","embeddable":true,"href":"https:\/\/ehme.eu\/es\/wp-json\/wp\/v2\/tags?post=138586"}],"curies":[{"name":"wp","href":"https:\/\/api.w.org\/{rel}","templated":true}]}}