{"id":138611,"date":"2021-03-18T11:35:10","date_gmt":"2021-03-18T11:35:10","guid":{"rendered":"https:\/\/ehme.eu\/?p=138611"},"modified":"2021-03-18T11:35:10","modified_gmt":"2021-03-18T11:35:10","slug":"oferta-de-trabajo-galdakao","status":"publish","type":"post","link":"https:\/\/ehme.eu\/es\/oferta-de-trabajo-galdakao\/","title":{"rendered":"OFERTA DE TRABAJO &#8211; GALDAKAO"},"content":{"rendered":"<p>La Escuela de M\u00fasica M\u00e1ximo Moreno de Galdakao, necesita profesor\/a de trikitixa y pandero para realizar una sustituci\u00f3n de jornada completa (30 horas semanales) que comenzar\u00eda lo antes posible. El horario es el siguiente:<\/p>\n<ul>\n<li>Lunes: 15:00 a 20:30<\/li>\n<li>Martes 15:30 a 20:30<\/li>\n<li>Mi\u00e9rcoles: 15:30 a 20:30<\/li>\n<li>Jueves: 16:00 a 20:30<\/li>\n<li>Viernes: 10:30 a 12:30 y 15:30 a 19:30<\/li>\n<\/ul>\n<p>A este horario hay que sumar lsa horas no lectivas.<\/p>\n<p>Requisitos a cimplir:<\/p>\n<ul>\n<li>Habilitaci\u00f3n de trikitixa<\/li>\n<li>Euskera (3\u00ba)<\/li>\n<\/ul>\n<p>Todas las personas interesadas remitir el curriculum a: <a href=\"mailto:jbeaskoetxea@galdakao.net\">jbeaskoetxea@galdakao.net<\/a><\/p>\n","protected":false},"excerpt":{"rendered":"<p>La Escuela de M\u00fasica M\u00e1ximo Moreno de Galdakao, necesita profesor\/a de trikitixa y pandero para realizar una sustituci\u00f3n de jornada completa (30 horas semanales) que comenzar\u00eda lo antes posible. El horario es el siguiente: Lunes: 15:00 a 20:30 Martes 15:30 a 20:30 Mi\u00e9rcoles: 15:30 a 20:30 Jueves: 16:00 a 20:30 Viernes: 10:30 a 12:30 y [&hellip;]<\/p>\n","protected":false},"author":9,"featured_media":137836,"comment_status":"closed","ping_status":"open","sticky":false,"template":"","format":"standard","meta":{"footnotes":""},"categories":[537],"tags":[],"class_list":["post-138611","post","type-post","status-publish","format-standard","has-post-thumbnail","hentry","category-oferta-de-trabajo"],"yoast_head":"<!-- This site is optimized with the Yoast SEO plugin v27.4 - https:\/\/yoast.com\/product\/yoast-seo-wordpress\/ -->\n<title>OFERTA DE TRABAJO - GALDAKAO - EHME<\/title>\n<meta name=\"robots\" content=\"index, follow, max-snippet:-1, max-image-preview:large, max-video-preview:-1\" \/>\n<link rel=\"canonical\" href=\"https:\/\/ehme.eu\/lan-eskaintza-galdakao\/\" \/>\n<meta property=\"og:locale\" content=\"es_ES\" \/>\n<meta property=\"og:type\" content=\"article\" \/>\n<meta property=\"og:title\" content=\"OFERTA DE TRABAJO - GALDAKAO - EHME\" \/>\n<meta property=\"og:description\" content=\"La Escuela de M\u00fasica M\u00e1ximo Moreno de Galdakao, necesita profesor\/a de trikitixa y pandero para realizar una sustituci\u00f3n de jornada completa (30 horas semanales) que comenzar\u00eda lo antes posible. El horario es el siguiente: Lunes: 15:00 a 20:30 Martes 15:30 a 20:30 Mi\u00e9rcoles: 15:30 a 20:30 Jueves: 16:00 a 20:30 Viernes: 10:30 a 12:30 y [&hellip;]\" \/>\n<meta property=\"og:url\" content=\"https:\/\/ehme.eu\/lan-eskaintza-galdakao\/\" \/>\n<meta property=\"og:site_name\" content=\"EHME\" \/>\n<meta property=\"article:published_time\" content=\"2021-03-18T11:35:10+00:00\" \/>\n<meta property=\"og:image\" content=\"https:\/\/ehme.eu\/wp-content\/uploads\/2014\/10\/galdakao1.png\" \/>\n\t<meta property=\"og:image:width\" content=\"254\" \/>\n\t<meta property=\"og:image:height\" content=\"181\" \/>\n\t<meta property=\"og:image:type\" content=\"image\/png\" \/>\n<meta name=\"author\" content=\"ehme_adm\" \/>\n<meta name=\"twitter:card\" content=\"summary_large_image\" \/>\n<meta name=\"twitter:label1\" content=\"Escrito por\" \/>\n\t<meta name=\"twitter:data1\" content=\"ehme_adm\" \/>\n<script type=\"application\/ld+json\" class=\"yoast-schema-graph\">{\"@context\":\"https:\\\/\\\/schema.org\",\"@graph\":[{\"@type\":\"Article\",\"@id\":\"https:\\\/\\\/ehme.eu\\\/lan-eskaintza-galdakao\\\/#article\",\"isPartOf\":{\"@id\":\"https:\\\/\\\/ehme.eu\\\/lan-eskaintza-galdakao\\\/\"},\"author\":{\"name\":\"ehme_adm\",\"@id\":\"https:\\\/\\\/ehme.eu\\\/#\\\/schema\\\/person\\\/c3c1df3a62236ae6a6ac35940724673f\"},\"headline\":\"OFERTA DE TRABAJO &#8211; GALDAKAO\",\"datePublished\":\"2021-03-18T11:35:10+00:00\",\"mainEntityOfPage\":{\"@id\":\"https:\\\/\\\/ehme.eu\\\/lan-eskaintza-galdakao\\\/\"},\"wordCount\":85,\"image\":{\"@id\":\"https:\\\/\\\/ehme.eu\\\/lan-eskaintza-galdakao\\\/#primaryimage\"},\"thumbnailUrl\":\"https:\\\/\\\/ehme.eu\\\/wp-content\\\/uploads\\\/2014\\\/10\\\/galdakao1.png\",\"articleSection\":[\"Oferta de trabajo\"],\"inLanguage\":\"es\"},{\"@type\":\"WebPage\",\"@id\":\"https:\\\/\\\/ehme.eu\\\/lan-eskaintza-galdakao\\\/\",\"url\":\"https:\\\/\\\/ehme.eu\\\/lan-eskaintza-galdakao\\\/\",\"name\":\"OFERTA DE TRABAJO - GALDAKAO - EHME\",\"isPartOf\":{\"@id\":\"https:\\\/\\\/ehme.eu\\\/#website\"},\"primaryImageOfPage\":{\"@id\":\"https:\\\/\\\/ehme.eu\\\/lan-eskaintza-galdakao\\\/#primaryimage\"},\"image\":{\"@id\":\"https:\\\/\\\/ehme.eu\\\/lan-eskaintza-galdakao\\\/#primaryimage\"},\"thumbnailUrl\":\"https:\\\/\\\/ehme.eu\\\/wp-content\\\/uploads\\\/2014\\\/10\\\/galdakao1.png\",\"datePublished\":\"2021-03-18T11:35:10+00:00\",\"author\":{\"@id\":\"https:\\\/\\\/ehme.eu\\\/#\\\/schema\\\/person\\\/c3c1df3a62236ae6a6ac35940724673f\"},\"breadcrumb\":{\"@id\":\"https:\\\/\\\/ehme.eu\\\/lan-eskaintza-galdakao\\\/#breadcrumb\"},\"inLanguage\":\"es\",\"potentialAction\":[{\"@type\":\"ReadAction\",\"target\":[\"https:\\\/\\\/ehme.eu\\\/lan-eskaintza-galdakao\\\/\"]}]},{\"@type\":\"ImageObject\",\"inLanguage\":\"es\",\"@id\":\"https:\\\/\\\/ehme.eu\\\/lan-eskaintza-galdakao\\\/#primaryimage\",\"url\":\"https:\\\/\\\/ehme.eu\\\/wp-content\\\/uploads\\\/2014\\\/10\\\/galdakao1.png\",\"contentUrl\":\"https:\\\/\\\/ehme.eu\\\/wp-content\\\/uploads\\\/2014\\\/10\\\/galdakao1.png\",\"width\":254,\"height\":181},{\"@type\":\"BreadcrumbList\",\"@id\":\"https:\\\/\\\/ehme.eu\\\/lan-eskaintza-galdakao\\\/#breadcrumb\",\"itemListElement\":[{\"@type\":\"ListItem\",\"position\":1,\"name\":\"Portada\",\"item\":\"https:\\\/\\\/ehme.eu\\\/es\\\/\"},{\"@type\":\"ListItem\",\"position\":2,\"name\":\"OFERTA DE TRABAJO &#8211; GALDAKAO\"}]},{\"@type\":\"WebSite\",\"@id\":\"https:\\\/\\\/ehme.eu\\\/#website\",\"url\":\"https:\\\/\\\/ehme.eu\\\/\",\"name\":\"EHME\",\"description\":\"Asociaci\u00f3n de Escuelas de M\u00fasica y Danza del Pa\u00eds Vasco\",\"potentialAction\":[{\"@type\":\"SearchAction\",\"target\":{\"@type\":\"EntryPoint\",\"urlTemplate\":\"https:\\\/\\\/ehme.eu\\\/?s={search_term_string}\"},\"query-input\":{\"@type\":\"PropertyValueSpecification\",\"valueRequired\":true,\"valueName\":\"search_term_string\"}}],\"inLanguage\":\"es\"},{\"@type\":\"Person\",\"@id\":\"https:\\\/\\\/ehme.eu\\\/#\\\/schema\\\/person\\\/c3c1df3a62236ae6a6ac35940724673f\",\"name\":\"ehme_adm\",\"image\":{\"@type\":\"ImageObject\",\"inLanguage\":\"es\",\"@id\":\"https:\\\/\\\/secure.gravatar.com\\\/avatar\\\/96ee52075299345544bd8a4cfa0e980cf23d506270bf1080483417c5f548a9dc?s=96&d=mm&r=g\",\"url\":\"https:\\\/\\\/secure.gravatar.com\\\/avatar\\\/96ee52075299345544bd8a4cfa0e980cf23d506270bf1080483417c5f548a9dc?s=96&d=mm&r=g\",\"contentUrl\":\"https:\\\/\\\/secure.gravatar.com\\\/avatar\\\/96ee52075299345544bd8a4cfa0e980cf23d506270bf1080483417c5f548a9dc?s=96&d=mm&r=g\",\"caption\":\"ehme_adm\"}}]}<\/script>\n<!-- \/ Yoast SEO plugin. -->","yoast_head_json":{"title":"OFERTA DE TRABAJO - GALDAKAO - EHME","robots":{"index":"index","follow":"follow","max-snippet":"max-snippet:-1","max-image-preview":"max-image-preview:large","max-video-preview":"max-video-preview:-1"},"canonical":"https:\/\/ehme.eu\/lan-eskaintza-galdakao\/","og_locale":"es_ES","og_type":"article","og_title":"OFERTA DE TRABAJO - GALDAKAO - EHME","og_description":"La Escuela de M\u00fasica M\u00e1ximo Moreno de Galdakao, necesita profesor\/a de trikitixa y pandero para realizar una sustituci\u00f3n de jornada completa (30 horas semanales) que comenzar\u00eda lo antes posible. El horario es el siguiente: Lunes: 15:00 a 20:30 Martes 15:30 a 20:30 Mi\u00e9rcoles: 15:30 a 20:30 Jueves: 16:00 a 20:30 Viernes: 10:30 a 12:30 y [&hellip;]","og_url":"https:\/\/ehme.eu\/lan-eskaintza-galdakao\/","og_site_name":"EHME","article_published_time":"2021-03-18T11:35:10+00:00","og_image":[{"width":254,"height":181,"url":"https:\/\/ehme.eu\/wp-content\/uploads\/2014\/10\/galdakao1.png","type":"image\/png"}],"author":"ehme_adm","twitter_card":"summary_large_image","twitter_misc":{"Escrito por":"ehme_adm"},"schema":{"@context":"https:\/\/schema.org","@graph":[{"@type":"Article","@id":"https:\/\/ehme.eu\/lan-eskaintza-galdakao\/#article","isPartOf":{"@id":"https:\/\/ehme.eu\/lan-eskaintza-galdakao\/"},"author":{"name":"ehme_adm","@id":"https:\/\/ehme.eu\/#\/schema\/person\/c3c1df3a62236ae6a6ac35940724673f"},"headline":"OFERTA DE TRABAJO &#8211; GALDAKAO","datePublished":"2021-03-18T11:35:10+00:00","mainEntityOfPage":{"@id":"https:\/\/ehme.eu\/lan-eskaintza-galdakao\/"},"wordCount":85,"image":{"@id":"https:\/\/ehme.eu\/lan-eskaintza-galdakao\/#primaryimage"},"thumbnailUrl":"https:\/\/ehme.eu\/wp-content\/uploads\/2014\/10\/galdakao1.png","articleSection":["Oferta de trabajo"],"inLanguage":"es"},{"@type":"WebPage","@id":"https:\/\/ehme.eu\/lan-eskaintza-galdakao\/","url":"https:\/\/ehme.eu\/lan-eskaintza-galdakao\/","name":"OFERTA DE TRABAJO - GALDAKAO - EHME","isPartOf":{"@id":"https:\/\/ehme.eu\/#website"},"primaryImageOfPage":{"@id":"https:\/\/ehme.eu\/lan-eskaintza-galdakao\/#primaryimage"},"image":{"@id":"https:\/\/ehme.eu\/lan-eskaintza-galdakao\/#primaryimage"},"thumbnailUrl":"https:\/\/ehme.eu\/wp-content\/uploads\/2014\/10\/galdakao1.png","datePublished":"2021-03-18T11:35:10+00:00","author":{"@id":"https:\/\/ehme.eu\/#\/schema\/person\/c3c1df3a62236ae6a6ac35940724673f"},"breadcrumb":{"@id":"https:\/\/ehme.eu\/lan-eskaintza-galdakao\/#breadcrumb"},"inLanguage":"es","potentialAction":[{"@type":"ReadAction","target":["https:\/\/ehme.eu\/lan-eskaintza-galdakao\/"]}]},{"@type":"ImageObject","inLanguage":"es","@id":"https:\/\/ehme.eu\/lan-eskaintza-galdakao\/#primaryimage","url":"https:\/\/ehme.eu\/wp-content\/uploads\/2014\/10\/galdakao1.png","contentUrl":"https:\/\/ehme.eu\/wp-content\/uploads\/2014\/10\/galdakao1.png","width":254,"height":181},{"@type":"BreadcrumbList","@id":"https:\/\/ehme.eu\/lan-eskaintza-galdakao\/#breadcrumb","itemListElement":[{"@type":"ListItem","position":1,"name":"Portada","item":"https:\/\/ehme.eu\/es\/"},{"@type":"ListItem","position":2,"name":"OFERTA DE TRABAJO &#8211; GALDAKAO"}]},{"@type":"WebSite","@id":"https:\/\/ehme.eu\/#website","url":"https:\/\/ehme.eu\/","name":"EHME","description":"Asociaci\u00f3n de Escuelas de M\u00fasica y Danza del Pa\u00eds Vasco","potentialAction":[{"@type":"SearchAction","target":{"@type":"EntryPoint","urlTemplate":"https:\/\/ehme.eu\/?s={search_term_string}"},"query-input":{"@type":"PropertyValueSpecification","valueRequired":true,"valueName":"search_term_string"}}],"inLanguage":"es"},{"@type":"Person","@id":"https:\/\/ehme.eu\/#\/schema\/person\/c3c1df3a62236ae6a6ac35940724673f","name":"ehme_adm","image":{"@type":"ImageObject","inLanguage":"es","@id":"https:\/\/secure.gravatar.com\/avatar\/96ee52075299345544bd8a4cfa0e980cf23d506270bf1080483417c5f548a9dc?s=96&d=mm&r=g","url":"https:\/\/secure.gravatar.com\/avatar\/96ee52075299345544bd8a4cfa0e980cf23d506270bf1080483417c5f548a9dc?s=96&d=mm&r=g","contentUrl":"https:\/\/secure.gravatar.com\/avatar\/96ee52075299345544bd8a4cfa0e980cf23d506270bf1080483417c5f548a9dc?s=96&d=mm&r=g","caption":"ehme_adm"}}]}},"_links":{"self":[{"href":"https:\/\/ehme.eu\/es\/wp-json\/wp\/v2\/posts\/138611","targetHints":{"allow":["GET"]}}],"collection":[{"href":"https:\/\/ehme.eu\/es\/wp-json\/wp\/v2\/posts"}],"about":[{"href":"https:\/\/ehme.eu\/es\/wp-json\/wp\/v2\/types\/post"}],"author":[{"embeddable":true,"href":"https:\/\/ehme.eu\/es\/wp-json\/wp\/v2\/users\/9"}],"replies":[{"embeddable":true,"href":"https:\/\/ehme.eu\/es\/wp-json\/wp\/v2\/comments?post=138611"}],"version-history":[{"count":0,"href":"https:\/\/ehme.eu\/es\/wp-json\/wp\/v2\/posts\/138611\/revisions"}],"wp:featuredmedia":[{"embeddable":true,"href":"https:\/\/ehme.eu\/es\/wp-json\/wp\/v2\/media\/137836"}],"wp:attachment":[{"href":"https:\/\/ehme.eu\/es\/wp-json\/wp\/v2\/media?parent=138611"}],"wp:term":[{"taxonomy":"category","embeddable":true,"href":"https:\/\/ehme.eu\/es\/wp-json\/wp\/v2\/categories?post=138611"},{"taxonomy":"post_tag","embeddable":true,"href":"https:\/\/ehme.eu\/es\/wp-json\/wp\/v2\/tags?post=138611"}],"curies":[{"name":"wp","href":"https:\/\/api.w.org\/{rel}","templated":true}]}}