{"id":138809,"date":"2021-10-20T09:57:20","date_gmt":"2021-10-20T09:57:20","guid":{"rendered":"https:\/\/ehme.eu\/?p=138809"},"modified":"2021-10-20T09:57:20","modified_gmt":"2021-10-20T09:57:20","slug":"musikaldi-2022","status":"publish","type":"post","link":"https:\/\/ehme.eu\/es\/musikaldi-2022\/","title":{"rendered":"MUSIKALDI 2022"},"content":{"rendered":"<p>El pr\u00f3ximo 4 de junio trendr\u00e1 lugar nuestra fiesta: MUSIKALDI. En ella tendremos la posibilidad de juntarnos todas las Escuelas de M\u00fasica asociadas y disfrutar del d\u00eda haciendo m\u00fasica en esta ocasi\u00f3n por las calles de Pasaia (Trintxerpe &#8211; San Pedro).<\/p>\n<p>Gora gure Musikaldi!<\/p>\n<p>&nbsp;<\/p>\n","protected":false},"excerpt":{"rendered":"<p>El pr\u00f3ximo 4 de junio trendr\u00e1 lugar nuestra fiesta: MUSIKALDI. En ella tendremos la posibilidad de juntarnos todas las Escuelas de M\u00fasica asociadas y disfrutar del d\u00eda haciendo m\u00fasica en esta ocasi\u00f3n por las calles de Pasaia (Trintxerpe &#8211; San Pedro). Gora gure Musikaldi! &nbsp;<\/p>\n","protected":false},"author":9,"featured_media":137628,"comment_status":"closed","ping_status":"open","sticky":false,"template":"","format":"standard","meta":{"footnotes":""},"categories":[540],"tags":[],"class_list":["post-138809","post","type-post","status-publish","format-standard","has-post-thumbnail","hentry","category-noticias"],"yoast_head":"<!-- This site is optimized with the Yoast SEO plugin v27.4 - https:\/\/yoast.com\/product\/yoast-seo-wordpress\/ -->\n<title>MUSIKALDI 2022 - EHME<\/title>\n<meta name=\"robots\" content=\"index, follow, max-snippet:-1, max-image-preview:large, max-video-preview:-1\" \/>\n<link rel=\"canonical\" href=\"https:\/\/ehme.eu\/musikaldi-2022\/\" \/>\n<meta property=\"og:locale\" content=\"es_ES\" \/>\n<meta property=\"og:type\" content=\"article\" \/>\n<meta property=\"og:title\" content=\"MUSIKALDI 2022 - EHME\" \/>\n<meta property=\"og:description\" content=\"El pr\u00f3ximo 4 de junio trendr\u00e1 lugar nuestra fiesta: MUSIKALDI. En ella tendremos la posibilidad de juntarnos todas las Escuelas de M\u00fasica asociadas y disfrutar del d\u00eda haciendo m\u00fasica en esta ocasi\u00f3n por las calles de Pasaia (Trintxerpe &#8211; San Pedro). Gora gure Musikaldi! &nbsp;\" \/>\n<meta property=\"og:url\" content=\"https:\/\/ehme.eu\/musikaldi-2022\/\" \/>\n<meta property=\"og:site_name\" content=\"EHME\" \/>\n<meta property=\"article:published_time\" content=\"2021-10-20T09:57:20+00:00\" \/>\n<meta property=\"og:image\" content=\"https:\/\/ehme.eu\/wp-content\/uploads\/2020\/01\/logo-anagrama-web.jpg\" \/>\n\t<meta property=\"og:image:width\" content=\"1572\" \/>\n\t<meta property=\"og:image:height\" content=\"1276\" \/>\n\t<meta property=\"og:image:type\" content=\"image\/jpeg\" \/>\n<meta name=\"author\" content=\"ehme_adm\" \/>\n<meta name=\"twitter:card\" content=\"summary_large_image\" \/>\n<meta name=\"twitter:label1\" content=\"Escrito por\" \/>\n\t<meta name=\"twitter:data1\" content=\"ehme_adm\" \/>\n\t<meta name=\"twitter:label2\" content=\"Tiempo de lectura\" \/>\n\t<meta name=\"twitter:data2\" content=\"1 minuto\" \/>\n<script type=\"application\/ld+json\" class=\"yoast-schema-graph\">{\"@context\":\"https:\\\/\\\/schema.org\",\"@graph\":[{\"@type\":\"Article\",\"@id\":\"https:\\\/\\\/ehme.eu\\\/musikaldi-2022\\\/#article\",\"isPartOf\":{\"@id\":\"https:\\\/\\\/ehme.eu\\\/musikaldi-2022\\\/\"},\"author\":{\"name\":\"ehme_adm\",\"@id\":\"https:\\\/\\\/ehme.eu\\\/#\\\/schema\\\/person\\\/c3c1df3a62236ae6a6ac35940724673f\"},\"headline\":\"MUSIKALDI 2022\",\"datePublished\":\"2021-10-20T09:57:20+00:00\",\"mainEntityOfPage\":{\"@id\":\"https:\\\/\\\/ehme.eu\\\/musikaldi-2022\\\/\"},\"wordCount\":50,\"image\":{\"@id\":\"https:\\\/\\\/ehme.eu\\\/musikaldi-2022\\\/#primaryimage\"},\"thumbnailUrl\":\"https:\\\/\\\/ehme.eu\\\/wp-content\\\/uploads\\\/2020\\\/01\\\/logo-anagrama-web.jpg\",\"articleSection\":[\"Noticias\"],\"inLanguage\":\"es\"},{\"@type\":\"WebPage\",\"@id\":\"https:\\\/\\\/ehme.eu\\\/musikaldi-2022\\\/\",\"url\":\"https:\\\/\\\/ehme.eu\\\/musikaldi-2022\\\/\",\"name\":\"MUSIKALDI 2022 - EHME\",\"isPartOf\":{\"@id\":\"https:\\\/\\\/ehme.eu\\\/#website\"},\"primaryImageOfPage\":{\"@id\":\"https:\\\/\\\/ehme.eu\\\/musikaldi-2022\\\/#primaryimage\"},\"image\":{\"@id\":\"https:\\\/\\\/ehme.eu\\\/musikaldi-2022\\\/#primaryimage\"},\"thumbnailUrl\":\"https:\\\/\\\/ehme.eu\\\/wp-content\\\/uploads\\\/2020\\\/01\\\/logo-anagrama-web.jpg\",\"datePublished\":\"2021-10-20T09:57:20+00:00\",\"author\":{\"@id\":\"https:\\\/\\\/ehme.eu\\\/#\\\/schema\\\/person\\\/c3c1df3a62236ae6a6ac35940724673f\"},\"breadcrumb\":{\"@id\":\"https:\\\/\\\/ehme.eu\\\/musikaldi-2022\\\/#breadcrumb\"},\"inLanguage\":\"es\",\"potentialAction\":[{\"@type\":\"ReadAction\",\"target\":[\"https:\\\/\\\/ehme.eu\\\/musikaldi-2022\\\/\"]}]},{\"@type\":\"ImageObject\",\"inLanguage\":\"es\",\"@id\":\"https:\\\/\\\/ehme.eu\\\/musikaldi-2022\\\/#primaryimage\",\"url\":\"https:\\\/\\\/ehme.eu\\\/wp-content\\\/uploads\\\/2020\\\/01\\\/logo-anagrama-web.jpg\",\"contentUrl\":\"https:\\\/\\\/ehme.eu\\\/wp-content\\\/uploads\\\/2020\\\/01\\\/logo-anagrama-web.jpg\",\"width\":1572,\"height\":1276},{\"@type\":\"BreadcrumbList\",\"@id\":\"https:\\\/\\\/ehme.eu\\\/musikaldi-2022\\\/#breadcrumb\",\"itemListElement\":[{\"@type\":\"ListItem\",\"position\":1,\"name\":\"Portada\",\"item\":\"https:\\\/\\\/ehme.eu\\\/es\\\/\"},{\"@type\":\"ListItem\",\"position\":2,\"name\":\"MUSIKALDI 2022\"}]},{\"@type\":\"WebSite\",\"@id\":\"https:\\\/\\\/ehme.eu\\\/#website\",\"url\":\"https:\\\/\\\/ehme.eu\\\/\",\"name\":\"EHME\",\"description\":\"Asociaci\u00f3n de Escuelas de M\u00fasica y Danza del Pa\u00eds Vasco\",\"potentialAction\":[{\"@type\":\"SearchAction\",\"target\":{\"@type\":\"EntryPoint\",\"urlTemplate\":\"https:\\\/\\\/ehme.eu\\\/?s={search_term_string}\"},\"query-input\":{\"@type\":\"PropertyValueSpecification\",\"valueRequired\":true,\"valueName\":\"search_term_string\"}}],\"inLanguage\":\"es\"},{\"@type\":\"Person\",\"@id\":\"https:\\\/\\\/ehme.eu\\\/#\\\/schema\\\/person\\\/c3c1df3a62236ae6a6ac35940724673f\",\"name\":\"ehme_adm\",\"image\":{\"@type\":\"ImageObject\",\"inLanguage\":\"es\",\"@id\":\"https:\\\/\\\/secure.gravatar.com\\\/avatar\\\/96ee52075299345544bd8a4cfa0e980cf23d506270bf1080483417c5f548a9dc?s=96&d=mm&r=g\",\"url\":\"https:\\\/\\\/secure.gravatar.com\\\/avatar\\\/96ee52075299345544bd8a4cfa0e980cf23d506270bf1080483417c5f548a9dc?s=96&d=mm&r=g\",\"contentUrl\":\"https:\\\/\\\/secure.gravatar.com\\\/avatar\\\/96ee52075299345544bd8a4cfa0e980cf23d506270bf1080483417c5f548a9dc?s=96&d=mm&r=g\",\"caption\":\"ehme_adm\"}}]}<\/script>\n<!-- \/ Yoast SEO plugin. -->","yoast_head_json":{"title":"MUSIKALDI 2022 - EHME","robots":{"index":"index","follow":"follow","max-snippet":"max-snippet:-1","max-image-preview":"max-image-preview:large","max-video-preview":"max-video-preview:-1"},"canonical":"https:\/\/ehme.eu\/musikaldi-2022\/","og_locale":"es_ES","og_type":"article","og_title":"MUSIKALDI 2022 - EHME","og_description":"El pr\u00f3ximo 4 de junio trendr\u00e1 lugar nuestra fiesta: MUSIKALDI. En ella tendremos la posibilidad de juntarnos todas las Escuelas de M\u00fasica asociadas y disfrutar del d\u00eda haciendo m\u00fasica en esta ocasi\u00f3n por las calles de Pasaia (Trintxerpe &#8211; San Pedro). Gora gure Musikaldi! &nbsp;","og_url":"https:\/\/ehme.eu\/musikaldi-2022\/","og_site_name":"EHME","article_published_time":"2021-10-20T09:57:20+00:00","og_image":[{"width":1572,"height":1276,"url":"https:\/\/ehme.eu\/wp-content\/uploads\/2020\/01\/logo-anagrama-web.jpg","type":"image\/jpeg"}],"author":"ehme_adm","twitter_card":"summary_large_image","twitter_misc":{"Escrito por":"ehme_adm","Tiempo de lectura":"1 minuto"},"schema":{"@context":"https:\/\/schema.org","@graph":[{"@type":"Article","@id":"https:\/\/ehme.eu\/musikaldi-2022\/#article","isPartOf":{"@id":"https:\/\/ehme.eu\/musikaldi-2022\/"},"author":{"name":"ehme_adm","@id":"https:\/\/ehme.eu\/#\/schema\/person\/c3c1df3a62236ae6a6ac35940724673f"},"headline":"MUSIKALDI 2022","datePublished":"2021-10-20T09:57:20+00:00","mainEntityOfPage":{"@id":"https:\/\/ehme.eu\/musikaldi-2022\/"},"wordCount":50,"image":{"@id":"https:\/\/ehme.eu\/musikaldi-2022\/#primaryimage"},"thumbnailUrl":"https:\/\/ehme.eu\/wp-content\/uploads\/2020\/01\/logo-anagrama-web.jpg","articleSection":["Noticias"],"inLanguage":"es"},{"@type":"WebPage","@id":"https:\/\/ehme.eu\/musikaldi-2022\/","url":"https:\/\/ehme.eu\/musikaldi-2022\/","name":"MUSIKALDI 2022 - EHME","isPartOf":{"@id":"https:\/\/ehme.eu\/#website"},"primaryImageOfPage":{"@id":"https:\/\/ehme.eu\/musikaldi-2022\/#primaryimage"},"image":{"@id":"https:\/\/ehme.eu\/musikaldi-2022\/#primaryimage"},"thumbnailUrl":"https:\/\/ehme.eu\/wp-content\/uploads\/2020\/01\/logo-anagrama-web.jpg","datePublished":"2021-10-20T09:57:20+00:00","author":{"@id":"https:\/\/ehme.eu\/#\/schema\/person\/c3c1df3a62236ae6a6ac35940724673f"},"breadcrumb":{"@id":"https:\/\/ehme.eu\/musikaldi-2022\/#breadcrumb"},"inLanguage":"es","potentialAction":[{"@type":"ReadAction","target":["https:\/\/ehme.eu\/musikaldi-2022\/"]}]},{"@type":"ImageObject","inLanguage":"es","@id":"https:\/\/ehme.eu\/musikaldi-2022\/#primaryimage","url":"https:\/\/ehme.eu\/wp-content\/uploads\/2020\/01\/logo-anagrama-web.jpg","contentUrl":"https:\/\/ehme.eu\/wp-content\/uploads\/2020\/01\/logo-anagrama-web.jpg","width":1572,"height":1276},{"@type":"BreadcrumbList","@id":"https:\/\/ehme.eu\/musikaldi-2022\/#breadcrumb","itemListElement":[{"@type":"ListItem","position":1,"name":"Portada","item":"https:\/\/ehme.eu\/es\/"},{"@type":"ListItem","position":2,"name":"MUSIKALDI 2022"}]},{"@type":"WebSite","@id":"https:\/\/ehme.eu\/#website","url":"https:\/\/ehme.eu\/","name":"EHME","description":"Asociaci\u00f3n de Escuelas de M\u00fasica y Danza del Pa\u00eds Vasco","potentialAction":[{"@type":"SearchAction","target":{"@type":"EntryPoint","urlTemplate":"https:\/\/ehme.eu\/?s={search_term_string}"},"query-input":{"@type":"PropertyValueSpecification","valueRequired":true,"valueName":"search_term_string"}}],"inLanguage":"es"},{"@type":"Person","@id":"https:\/\/ehme.eu\/#\/schema\/person\/c3c1df3a62236ae6a6ac35940724673f","name":"ehme_adm","image":{"@type":"ImageObject","inLanguage":"es","@id":"https:\/\/secure.gravatar.com\/avatar\/96ee52075299345544bd8a4cfa0e980cf23d506270bf1080483417c5f548a9dc?s=96&d=mm&r=g","url":"https:\/\/secure.gravatar.com\/avatar\/96ee52075299345544bd8a4cfa0e980cf23d506270bf1080483417c5f548a9dc?s=96&d=mm&r=g","contentUrl":"https:\/\/secure.gravatar.com\/avatar\/96ee52075299345544bd8a4cfa0e980cf23d506270bf1080483417c5f548a9dc?s=96&d=mm&r=g","caption":"ehme_adm"}}]}},"_links":{"self":[{"href":"https:\/\/ehme.eu\/es\/wp-json\/wp\/v2\/posts\/138809","targetHints":{"allow":["GET"]}}],"collection":[{"href":"https:\/\/ehme.eu\/es\/wp-json\/wp\/v2\/posts"}],"about":[{"href":"https:\/\/ehme.eu\/es\/wp-json\/wp\/v2\/types\/post"}],"author":[{"embeddable":true,"href":"https:\/\/ehme.eu\/es\/wp-json\/wp\/v2\/users\/9"}],"replies":[{"embeddable":true,"href":"https:\/\/ehme.eu\/es\/wp-json\/wp\/v2\/comments?post=138809"}],"version-history":[{"count":0,"href":"https:\/\/ehme.eu\/es\/wp-json\/wp\/v2\/posts\/138809\/revisions"}],"wp:featuredmedia":[{"embeddable":true,"href":"https:\/\/ehme.eu\/es\/wp-json\/wp\/v2\/media\/137628"}],"wp:attachment":[{"href":"https:\/\/ehme.eu\/es\/wp-json\/wp\/v2\/media?parent=138809"}],"wp:term":[{"taxonomy":"category","embeddable":true,"href":"https:\/\/ehme.eu\/es\/wp-json\/wp\/v2\/categories?post=138809"},{"taxonomy":"post_tag","embeddable":true,"href":"https:\/\/ehme.eu\/es\/wp-json\/wp\/v2\/tags?post=138809"}],"curies":[{"name":"wp","href":"https:\/\/api.w.org\/{rel}","templated":true}]}}