{"id":138846,"date":"2021-11-29T13:28:47","date_gmt":"2021-11-29T13:28:47","guid":{"rendered":"https:\/\/ehme.eu\/?p=138846"},"modified":"2021-11-29T13:28:47","modified_gmt":"2021-11-29T13:28:47","slug":"oferta-trabajo-lekeitio","status":"publish","type":"post","link":"https:\/\/ehme.eu\/es\/oferta-trabajo-lekeitio\/","title":{"rendered":"OFERTA TRABAJO &#8211; LEKEITIO"},"content":{"rendered":"<p>La Escuela de M\u00fasica P\u00fablica Musikaia de Lekeitio, necesita profesor\/a desde enero\u00a0 hasta junio para:<\/p>\n<ul>\n<li>Diferentes agrupaciones vocales<\/li>\n<li>Trikitixa, pandero y acorde\u00f3n<\/li>\n<\/ul>\n<p>Las personas interesadas deber\u00e1n escribir o llamar a: <a href=\"imap:\/\/ehme%40ehme%2Eeu@ehme.eu:143\/fetch%3EUID%3E.INBOX%3E12147#v1v1v1v1v1v1NOP\">musikaeskola@musikaia.eus\/<\/a> 617.731.140<\/p>\n<p>&nbsp;<\/p>\n","protected":false},"excerpt":{"rendered":"<p>La Escuela de M\u00fasica P\u00fablica Musikaia de Lekeitio, necesita profesor\/a desde enero\u00a0 hasta junio para: Diferentes agrupaciones vocales Trikitixa, pandero y acorde\u00f3n Las personas interesadas deber\u00e1n escribir o llamar a: musikaeskola@musikaia.eus\/ 617.731.140 &nbsp;<\/p>\n","protected":false},"author":9,"featured_media":138847,"comment_status":"closed","ping_status":"open","sticky":false,"template":"","format":"standard","meta":{"footnotes":""},"categories":[537],"tags":[],"class_list":["post-138846","post","type-post","status-publish","format-standard","has-post-thumbnail","hentry","category-oferta-de-trabajo"],"yoast_head":"<!-- This site is optimized with the Yoast SEO plugin v27.4 - https:\/\/yoast.com\/product\/yoast-seo-wordpress\/ -->\n<title>OFERTA TRABAJO - LEKEITIO - EHME<\/title>\n<meta name=\"robots\" content=\"index, follow, max-snippet:-1, max-image-preview:large, max-video-preview:-1\" \/>\n<link rel=\"canonical\" href=\"https:\/\/ehme.eu\/lan-eskaintza-lekeitio\/\" \/>\n<meta property=\"og:locale\" content=\"es_ES\" \/>\n<meta property=\"og:type\" content=\"article\" \/>\n<meta property=\"og:title\" content=\"OFERTA TRABAJO - LEKEITIO - EHME\" \/>\n<meta property=\"og:description\" content=\"La Escuela de M\u00fasica P\u00fablica Musikaia de Lekeitio, necesita profesor\/a desde enero\u00a0 hasta junio para: Diferentes agrupaciones vocales Trikitixa, pandero y acorde\u00f3n Las personas interesadas deber\u00e1n escribir o llamar a: musikaeskola@musikaia.eus\/ 617.731.140 &nbsp;\" \/>\n<meta property=\"og:url\" content=\"https:\/\/ehme.eu\/lan-eskaintza-lekeitio\/\" \/>\n<meta property=\"og:site_name\" content=\"EHME\" \/>\n<meta property=\"article:published_time\" content=\"2021-11-29T13:28:47+00:00\" \/>\n<meta property=\"og:image\" content=\"https:\/\/ehme.eu\/wp-content\/uploads\/2021\/11\/lekeitio.jpg\" \/>\n\t<meta property=\"og:image:width\" content=\"1835\" \/>\n\t<meta property=\"og:image:height\" content=\"1695\" \/>\n\t<meta property=\"og:image:type\" content=\"image\/jpeg\" \/>\n<meta name=\"author\" content=\"ehme_adm\" \/>\n<meta name=\"twitter:card\" content=\"summary_large_image\" \/>\n<meta name=\"twitter:label1\" content=\"Escrito por\" \/>\n\t<meta name=\"twitter:data1\" content=\"ehme_adm\" \/>\n\t<meta name=\"twitter:label2\" content=\"Tiempo de lectura\" \/>\n\t<meta name=\"twitter:data2\" content=\"1 minuto\" \/>\n<script type=\"application\/ld+json\" class=\"yoast-schema-graph\">{\"@context\":\"https:\\\/\\\/schema.org\",\"@graph\":[{\"@type\":\"Article\",\"@id\":\"https:\\\/\\\/ehme.eu\\\/lan-eskaintza-lekeitio\\\/#article\",\"isPartOf\":{\"@id\":\"https:\\\/\\\/ehme.eu\\\/lan-eskaintza-lekeitio\\\/\"},\"author\":{\"name\":\"ehme_adm\",\"@id\":\"https:\\\/\\\/ehme.eu\\\/#\\\/schema\\\/person\\\/c3c1df3a62236ae6a6ac35940724673f\"},\"headline\":\"OFERTA TRABAJO &#8211; LEKEITIO\",\"datePublished\":\"2021-11-29T13:28:47+00:00\",\"mainEntityOfPage\":{\"@id\":\"https:\\\/\\\/ehme.eu\\\/lan-eskaintza-lekeitio\\\/\"},\"wordCount\":43,\"image\":{\"@id\":\"https:\\\/\\\/ehme.eu\\\/lan-eskaintza-lekeitio\\\/#primaryimage\"},\"thumbnailUrl\":\"https:\\\/\\\/ehme.eu\\\/wp-content\\\/uploads\\\/2021\\\/11\\\/lekeitio.jpg\",\"articleSection\":[\"Oferta de trabajo\"],\"inLanguage\":\"es\"},{\"@type\":\"WebPage\",\"@id\":\"https:\\\/\\\/ehme.eu\\\/lan-eskaintza-lekeitio\\\/\",\"url\":\"https:\\\/\\\/ehme.eu\\\/lan-eskaintza-lekeitio\\\/\",\"name\":\"OFERTA TRABAJO - LEKEITIO - EHME\",\"isPartOf\":{\"@id\":\"https:\\\/\\\/ehme.eu\\\/#website\"},\"primaryImageOfPage\":{\"@id\":\"https:\\\/\\\/ehme.eu\\\/lan-eskaintza-lekeitio\\\/#primaryimage\"},\"image\":{\"@id\":\"https:\\\/\\\/ehme.eu\\\/lan-eskaintza-lekeitio\\\/#primaryimage\"},\"thumbnailUrl\":\"https:\\\/\\\/ehme.eu\\\/wp-content\\\/uploads\\\/2021\\\/11\\\/lekeitio.jpg\",\"datePublished\":\"2021-11-29T13:28:47+00:00\",\"author\":{\"@id\":\"https:\\\/\\\/ehme.eu\\\/#\\\/schema\\\/person\\\/c3c1df3a62236ae6a6ac35940724673f\"},\"breadcrumb\":{\"@id\":\"https:\\\/\\\/ehme.eu\\\/lan-eskaintza-lekeitio\\\/#breadcrumb\"},\"inLanguage\":\"es\",\"potentialAction\":[{\"@type\":\"ReadAction\",\"target\":[\"https:\\\/\\\/ehme.eu\\\/lan-eskaintza-lekeitio\\\/\"]}]},{\"@type\":\"ImageObject\",\"inLanguage\":\"es\",\"@id\":\"https:\\\/\\\/ehme.eu\\\/lan-eskaintza-lekeitio\\\/#primaryimage\",\"url\":\"https:\\\/\\\/ehme.eu\\\/wp-content\\\/uploads\\\/2021\\\/11\\\/lekeitio.jpg\",\"contentUrl\":\"https:\\\/\\\/ehme.eu\\\/wp-content\\\/uploads\\\/2021\\\/11\\\/lekeitio.jpg\",\"width\":1835,\"height\":1695},{\"@type\":\"BreadcrumbList\",\"@id\":\"https:\\\/\\\/ehme.eu\\\/lan-eskaintza-lekeitio\\\/#breadcrumb\",\"itemListElement\":[{\"@type\":\"ListItem\",\"position\":1,\"name\":\"Portada\",\"item\":\"https:\\\/\\\/ehme.eu\\\/es\\\/\"},{\"@type\":\"ListItem\",\"position\":2,\"name\":\"OFERTA TRABAJO &#8211; LEKEITIO\"}]},{\"@type\":\"WebSite\",\"@id\":\"https:\\\/\\\/ehme.eu\\\/#website\",\"url\":\"https:\\\/\\\/ehme.eu\\\/\",\"name\":\"EHME\",\"description\":\"Asociaci\u00f3n de Escuelas de M\u00fasica y Danza del Pa\u00eds Vasco\",\"potentialAction\":[{\"@type\":\"SearchAction\",\"target\":{\"@type\":\"EntryPoint\",\"urlTemplate\":\"https:\\\/\\\/ehme.eu\\\/?s={search_term_string}\"},\"query-input\":{\"@type\":\"PropertyValueSpecification\",\"valueRequired\":true,\"valueName\":\"search_term_string\"}}],\"inLanguage\":\"es\"},{\"@type\":\"Person\",\"@id\":\"https:\\\/\\\/ehme.eu\\\/#\\\/schema\\\/person\\\/c3c1df3a62236ae6a6ac35940724673f\",\"name\":\"ehme_adm\",\"image\":{\"@type\":\"ImageObject\",\"inLanguage\":\"es\",\"@id\":\"https:\\\/\\\/secure.gravatar.com\\\/avatar\\\/96ee52075299345544bd8a4cfa0e980cf23d506270bf1080483417c5f548a9dc?s=96&d=mm&r=g\",\"url\":\"https:\\\/\\\/secure.gravatar.com\\\/avatar\\\/96ee52075299345544bd8a4cfa0e980cf23d506270bf1080483417c5f548a9dc?s=96&d=mm&r=g\",\"contentUrl\":\"https:\\\/\\\/secure.gravatar.com\\\/avatar\\\/96ee52075299345544bd8a4cfa0e980cf23d506270bf1080483417c5f548a9dc?s=96&d=mm&r=g\",\"caption\":\"ehme_adm\"}}]}<\/script>\n<!-- \/ Yoast SEO plugin. -->","yoast_head_json":{"title":"OFERTA TRABAJO - LEKEITIO - EHME","robots":{"index":"index","follow":"follow","max-snippet":"max-snippet:-1","max-image-preview":"max-image-preview:large","max-video-preview":"max-video-preview:-1"},"canonical":"https:\/\/ehme.eu\/lan-eskaintza-lekeitio\/","og_locale":"es_ES","og_type":"article","og_title":"OFERTA TRABAJO - LEKEITIO - EHME","og_description":"La Escuela de M\u00fasica P\u00fablica Musikaia de Lekeitio, necesita profesor\/a desde enero\u00a0 hasta junio para: Diferentes agrupaciones vocales Trikitixa, pandero y acorde\u00f3n Las personas interesadas deber\u00e1n escribir o llamar a: musikaeskola@musikaia.eus\/ 617.731.140 &nbsp;","og_url":"https:\/\/ehme.eu\/lan-eskaintza-lekeitio\/","og_site_name":"EHME","article_published_time":"2021-11-29T13:28:47+00:00","og_image":[{"width":1835,"height":1695,"url":"https:\/\/ehme.eu\/wp-content\/uploads\/2021\/11\/lekeitio.jpg","type":"image\/jpeg"}],"author":"ehme_adm","twitter_card":"summary_large_image","twitter_misc":{"Escrito por":"ehme_adm","Tiempo de lectura":"1 minuto"},"schema":{"@context":"https:\/\/schema.org","@graph":[{"@type":"Article","@id":"https:\/\/ehme.eu\/lan-eskaintza-lekeitio\/#article","isPartOf":{"@id":"https:\/\/ehme.eu\/lan-eskaintza-lekeitio\/"},"author":{"name":"ehme_adm","@id":"https:\/\/ehme.eu\/#\/schema\/person\/c3c1df3a62236ae6a6ac35940724673f"},"headline":"OFERTA TRABAJO &#8211; LEKEITIO","datePublished":"2021-11-29T13:28:47+00:00","mainEntityOfPage":{"@id":"https:\/\/ehme.eu\/lan-eskaintza-lekeitio\/"},"wordCount":43,"image":{"@id":"https:\/\/ehme.eu\/lan-eskaintza-lekeitio\/#primaryimage"},"thumbnailUrl":"https:\/\/ehme.eu\/wp-content\/uploads\/2021\/11\/lekeitio.jpg","articleSection":["Oferta de trabajo"],"inLanguage":"es"},{"@type":"WebPage","@id":"https:\/\/ehme.eu\/lan-eskaintza-lekeitio\/","url":"https:\/\/ehme.eu\/lan-eskaintza-lekeitio\/","name":"OFERTA TRABAJO - LEKEITIO - EHME","isPartOf":{"@id":"https:\/\/ehme.eu\/#website"},"primaryImageOfPage":{"@id":"https:\/\/ehme.eu\/lan-eskaintza-lekeitio\/#primaryimage"},"image":{"@id":"https:\/\/ehme.eu\/lan-eskaintza-lekeitio\/#primaryimage"},"thumbnailUrl":"https:\/\/ehme.eu\/wp-content\/uploads\/2021\/11\/lekeitio.jpg","datePublished":"2021-11-29T13:28:47+00:00","author":{"@id":"https:\/\/ehme.eu\/#\/schema\/person\/c3c1df3a62236ae6a6ac35940724673f"},"breadcrumb":{"@id":"https:\/\/ehme.eu\/lan-eskaintza-lekeitio\/#breadcrumb"},"inLanguage":"es","potentialAction":[{"@type":"ReadAction","target":["https:\/\/ehme.eu\/lan-eskaintza-lekeitio\/"]}]},{"@type":"ImageObject","inLanguage":"es","@id":"https:\/\/ehme.eu\/lan-eskaintza-lekeitio\/#primaryimage","url":"https:\/\/ehme.eu\/wp-content\/uploads\/2021\/11\/lekeitio.jpg","contentUrl":"https:\/\/ehme.eu\/wp-content\/uploads\/2021\/11\/lekeitio.jpg","width":1835,"height":1695},{"@type":"BreadcrumbList","@id":"https:\/\/ehme.eu\/lan-eskaintza-lekeitio\/#breadcrumb","itemListElement":[{"@type":"ListItem","position":1,"name":"Portada","item":"https:\/\/ehme.eu\/es\/"},{"@type":"ListItem","position":2,"name":"OFERTA TRABAJO &#8211; LEKEITIO"}]},{"@type":"WebSite","@id":"https:\/\/ehme.eu\/#website","url":"https:\/\/ehme.eu\/","name":"EHME","description":"Asociaci\u00f3n de Escuelas de M\u00fasica y Danza del Pa\u00eds Vasco","potentialAction":[{"@type":"SearchAction","target":{"@type":"EntryPoint","urlTemplate":"https:\/\/ehme.eu\/?s={search_term_string}"},"query-input":{"@type":"PropertyValueSpecification","valueRequired":true,"valueName":"search_term_string"}}],"inLanguage":"es"},{"@type":"Person","@id":"https:\/\/ehme.eu\/#\/schema\/person\/c3c1df3a62236ae6a6ac35940724673f","name":"ehme_adm","image":{"@type":"ImageObject","inLanguage":"es","@id":"https:\/\/secure.gravatar.com\/avatar\/96ee52075299345544bd8a4cfa0e980cf23d506270bf1080483417c5f548a9dc?s=96&d=mm&r=g","url":"https:\/\/secure.gravatar.com\/avatar\/96ee52075299345544bd8a4cfa0e980cf23d506270bf1080483417c5f548a9dc?s=96&d=mm&r=g","contentUrl":"https:\/\/secure.gravatar.com\/avatar\/96ee52075299345544bd8a4cfa0e980cf23d506270bf1080483417c5f548a9dc?s=96&d=mm&r=g","caption":"ehme_adm"}}]}},"_links":{"self":[{"href":"https:\/\/ehme.eu\/es\/wp-json\/wp\/v2\/posts\/138846","targetHints":{"allow":["GET"]}}],"collection":[{"href":"https:\/\/ehme.eu\/es\/wp-json\/wp\/v2\/posts"}],"about":[{"href":"https:\/\/ehme.eu\/es\/wp-json\/wp\/v2\/types\/post"}],"author":[{"embeddable":true,"href":"https:\/\/ehme.eu\/es\/wp-json\/wp\/v2\/users\/9"}],"replies":[{"embeddable":true,"href":"https:\/\/ehme.eu\/es\/wp-json\/wp\/v2\/comments?post=138846"}],"version-history":[{"count":0,"href":"https:\/\/ehme.eu\/es\/wp-json\/wp\/v2\/posts\/138846\/revisions"}],"wp:featuredmedia":[{"embeddable":true,"href":"https:\/\/ehme.eu\/es\/wp-json\/wp\/v2\/media\/138847"}],"wp:attachment":[{"href":"https:\/\/ehme.eu\/es\/wp-json\/wp\/v2\/media?parent=138846"}],"wp:term":[{"taxonomy":"category","embeddable":true,"href":"https:\/\/ehme.eu\/es\/wp-json\/wp\/v2\/categories?post=138846"},{"taxonomy":"post_tag","embeddable":true,"href":"https:\/\/ehme.eu\/es\/wp-json\/wp\/v2\/tags?post=138846"}],"curies":[{"name":"wp","href":"https:\/\/api.w.org\/{rel}","templated":true}]}}