{"id":138969,"date":"2022-01-25T19:38:52","date_gmt":"2022-01-25T19:38:52","guid":{"rendered":"https:\/\/ehme.eu\/?p=138969"},"modified":"2022-02-08T10:13:47","modified_gmt":"2022-02-08T10:13:47","slug":"jornada-la-ley-de-educacion-en-euskadi-nuevo-decreto-de-escuelas-de-musica-y-arte-y-la-polivalencia-del-profesorado-en-las-escuelas-de-musica","status":"publish","type":"post","link":"https:\/\/ehme.eu\/es\/jornada-la-ley-de-educacion-en-euskadi-nuevo-decreto-de-escuelas-de-musica-y-arte-y-la-polivalencia-del-profesorado-en-las-escuelas-de-musica\/","title":{"rendered":"JORNADA: LA LEY DE EDUCACI\u00d3N EN EUSKADI, NUEVO DECRETO DE ESCUELAS DE M\u00daSICA (Y ARTE) Y LA POLIVALENCIA DEL PROFESORADO EN LAS ESCUELAS DE M\u00daSICA"},"content":{"rendered":"<p>La Asociaci\u00f3n de cara a la modificaci\u00f3n del decreto que rige las Escuelas de M\u00fasica, organizar\u00e1 de cara al 12 de marzo de 10 a 14h en la Biblioteca Bidebarrieta de Bilbao una jornada.<\/p>\n<p>Desde EHME se considera un momento \u00fanico para poder juntar a los profesionales que trabajan en el sector y poder compartir la visi\u00f3n de futuro, con el fin de lograr acuerdos que permitan una educaci\u00f3n de calidad, sostenible y creando puestos de trabajo estables y con jornadas dignas.<\/p>\n<p>Se tratar\u00e1 a lo largo de la ma\u00f1ana de posibles cambios a realizar en el Decreto 289\/92 que en este momento sigue estando en vigor.Para esto, se ha organizado el siguiente programa:<\/p>\n<div>\n<ul>\n<li>\u00a010.00\u00a0 \u00a0presentaci\u00f3n, apertura<\/li>\n<li>10:30 ponencia 1 &#8211; Escuelas de Artes al servicio de la Integraci\u00f3n social<\/li>\n<li>11:15 ponencia 2 &#8211; El egresado de pedagog\u00eda del instrumento: un perfil profesional polivalente para Escuelas de M\u00fasica<\/li>\n<li>12.00 caf\u00e9\/ descanso<\/li>\n<li>12.30\u00a0 mesa redonda y coloquio con ponentes y participantes.<\/li>\n<li>13:45 cierre<\/li>\n<\/ul>\n<\/div>\n<p>El plazo para inscribirse comenzar\u00e1 el pr\u00f3ximo 8 de febrero.<\/p>\n<p style=\"text-align: center;\"><a href=\"https:\/\/formakuntza.ehme.eu\/course\/view.php?id=64\">Inscripci\u00f3n<\/a><\/p>\n","protected":false},"excerpt":{"rendered":"<p>La Asociaci\u00f3n de cara a la modificaci\u00f3n del decreto que rige las Escuelas de M\u00fasica, organizar\u00e1 de cara al 12 de marzo de 10 a 14h en la Biblioteca Bidebarrieta de Bilbao una jornada. Desde EHME se considera un momento \u00fanico para poder juntar a los profesionales que trabajan en el sector y poder compartir [&hellip;]<\/p>\n","protected":false},"author":9,"featured_media":138970,"comment_status":"closed","ping_status":"open","sticky":false,"template":"","format":"standard","meta":{"footnotes":""},"categories":[540],"tags":[],"class_list":["post-138969","post","type-post","status-publish","format-standard","has-post-thumbnail","hentry","category-noticias"],"yoast_head":"<!-- This site is optimized with the Yoast SEO plugin v27.4 - https:\/\/yoast.com\/product\/yoast-seo-wordpress\/ -->\n<title>JORNADA: LA LEY DE EDUCACI\u00d3N EN EUSKADI, NUEVO DECRETO DE ESCUELAS DE M\u00daSICA (Y ARTE) Y LA POLIVALENCIA DEL PROFESORADO EN LAS ESCUELAS DE M\u00daSICA - EHME<\/title>\n<meta name=\"robots\" content=\"index, follow, max-snippet:-1, max-image-preview:large, max-video-preview:-1\" \/>\n<link rel=\"canonical\" href=\"https:\/\/ehme.eu\/138973\/\" \/>\n<meta property=\"og:locale\" content=\"es_ES\" \/>\n<meta property=\"og:type\" content=\"article\" \/>\n<meta property=\"og:title\" content=\"JORNADA: LA LEY DE EDUCACI\u00d3N EN EUSKADI, NUEVO DECRETO DE ESCUELAS DE M\u00daSICA (Y ARTE) Y LA POLIVALENCIA DEL PROFESORADO EN LAS ESCUELAS DE M\u00daSICA - EHME\" \/>\n<meta property=\"og:description\" content=\"La Asociaci\u00f3n de cara a la modificaci\u00f3n del decreto que rige las Escuelas de M\u00fasica, organizar\u00e1 de cara al 12 de marzo de 10 a 14h en la Biblioteca Bidebarrieta de Bilbao una jornada. Desde EHME se considera un momento \u00fanico para poder juntar a los profesionales que trabajan en el sector y poder compartir [&hellip;]\" \/>\n<meta property=\"og:url\" content=\"https:\/\/ehme.eu\/138973\/\" \/>\n<meta property=\"og:site_name\" content=\"EHME\" \/>\n<meta property=\"article:published_time\" content=\"2022-01-25T19:38:52+00:00\" \/>\n<meta property=\"article:modified_time\" content=\"2022-02-08T10:13:47+00:00\" \/>\n<meta property=\"og:image\" content=\"https:\/\/ehme.eu\/wp-content\/uploads\/2022\/01\/EHME-web.jpg\" \/>\n\t<meta property=\"og:image:width\" content=\"608\" \/>\n\t<meta property=\"og:image:height\" content=\"433\" \/>\n\t<meta property=\"og:image:type\" content=\"image\/jpeg\" \/>\n<meta name=\"author\" content=\"ehme_adm\" \/>\n<meta name=\"twitter:card\" content=\"summary_large_image\" \/>\n<meta name=\"twitter:label1\" content=\"Escrito por\" \/>\n\t<meta name=\"twitter:data1\" content=\"ehme_adm\" \/>\n\t<meta name=\"twitter:label2\" content=\"Tiempo de lectura\" \/>\n\t<meta name=\"twitter:data2\" content=\"1 minuto\" \/>\n<script type=\"application\/ld+json\" class=\"yoast-schema-graph\">{\"@context\":\"https:\\\/\\\/schema.org\",\"@graph\":[{\"@type\":\"Article\",\"@id\":\"https:\\\/\\\/ehme.eu\\\/138973\\\/#article\",\"isPartOf\":{\"@id\":\"https:\\\/\\\/ehme.eu\\\/138973\\\/\"},\"author\":{\"name\":\"ehme_adm\",\"@id\":\"https:\\\/\\\/ehme.eu\\\/#\\\/schema\\\/person\\\/c3c1df3a62236ae6a6ac35940724673f\"},\"headline\":\"JORNADA: LA LEY DE EDUCACI\u00d3N EN EUSKADI, NUEVO DECRETO DE ESCUELAS DE M\u00daSICA (Y ARTE) Y LA POLIVALENCIA DEL PROFESORADO EN LAS ESCUELAS DE M\u00daSICA\",\"datePublished\":\"2022-01-25T19:38:52+00:00\",\"dateModified\":\"2022-02-08T10:13:47+00:00\",\"mainEntityOfPage\":{\"@id\":\"https:\\\/\\\/ehme.eu\\\/138973\\\/\"},\"wordCount\":202,\"image\":{\"@id\":\"https:\\\/\\\/ehme.eu\\\/138973\\\/#primaryimage\"},\"thumbnailUrl\":\"https:\\\/\\\/ehme.eu\\\/wp-content\\\/uploads\\\/2022\\\/01\\\/EHME-web.jpg\",\"articleSection\":[\"Noticias\"],\"inLanguage\":\"es\"},{\"@type\":\"WebPage\",\"@id\":\"https:\\\/\\\/ehme.eu\\\/138973\\\/\",\"url\":\"https:\\\/\\\/ehme.eu\\\/138973\\\/\",\"name\":\"JORNADA: LA LEY DE EDUCACI\u00d3N EN EUSKADI, NUEVO DECRETO DE ESCUELAS DE M\u00daSICA (Y ARTE) Y LA POLIVALENCIA DEL PROFESORADO EN LAS ESCUELAS DE M\u00daSICA - EHME\",\"isPartOf\":{\"@id\":\"https:\\\/\\\/ehme.eu\\\/#website\"},\"primaryImageOfPage\":{\"@id\":\"https:\\\/\\\/ehme.eu\\\/138973\\\/#primaryimage\"},\"image\":{\"@id\":\"https:\\\/\\\/ehme.eu\\\/138973\\\/#primaryimage\"},\"thumbnailUrl\":\"https:\\\/\\\/ehme.eu\\\/wp-content\\\/uploads\\\/2022\\\/01\\\/EHME-web.jpg\",\"datePublished\":\"2022-01-25T19:38:52+00:00\",\"dateModified\":\"2022-02-08T10:13:47+00:00\",\"author\":{\"@id\":\"https:\\\/\\\/ehme.eu\\\/#\\\/schema\\\/person\\\/c3c1df3a62236ae6a6ac35940724673f\"},\"breadcrumb\":{\"@id\":\"https:\\\/\\\/ehme.eu\\\/138973\\\/#breadcrumb\"},\"inLanguage\":\"es\",\"potentialAction\":[{\"@type\":\"ReadAction\",\"target\":[\"https:\\\/\\\/ehme.eu\\\/138973\\\/\"]}]},{\"@type\":\"ImageObject\",\"inLanguage\":\"es\",\"@id\":\"https:\\\/\\\/ehme.eu\\\/138973\\\/#primaryimage\",\"url\":\"https:\\\/\\\/ehme.eu\\\/wp-content\\\/uploads\\\/2022\\\/01\\\/EHME-web.jpg\",\"contentUrl\":\"https:\\\/\\\/ehme.eu\\\/wp-content\\\/uploads\\\/2022\\\/01\\\/EHME-web.jpg\",\"width\":608,\"height\":433},{\"@type\":\"BreadcrumbList\",\"@id\":\"https:\\\/\\\/ehme.eu\\\/138973\\\/#breadcrumb\",\"itemListElement\":[{\"@type\":\"ListItem\",\"position\":1,\"name\":\"Portada\",\"item\":\"https:\\\/\\\/ehme.eu\\\/es\\\/\"},{\"@type\":\"ListItem\",\"position\":2,\"name\":\"JORNADA: LA LEY DE EDUCACI\u00d3N EN EUSKADI, NUEVO DECRETO DE ESCUELAS DE M\u00daSICA (Y ARTE) Y LA POLIVALENCIA DEL PROFESORADO EN LAS ESCUELAS DE M\u00daSICA\"}]},{\"@type\":\"WebSite\",\"@id\":\"https:\\\/\\\/ehme.eu\\\/#website\",\"url\":\"https:\\\/\\\/ehme.eu\\\/\",\"name\":\"EHME\",\"description\":\"Asociaci\u00f3n de Escuelas de M\u00fasica y Danza del Pa\u00eds Vasco\",\"potentialAction\":[{\"@type\":\"SearchAction\",\"target\":{\"@type\":\"EntryPoint\",\"urlTemplate\":\"https:\\\/\\\/ehme.eu\\\/?s={search_term_string}\"},\"query-input\":{\"@type\":\"PropertyValueSpecification\",\"valueRequired\":true,\"valueName\":\"search_term_string\"}}],\"inLanguage\":\"es\"},{\"@type\":\"Person\",\"@id\":\"https:\\\/\\\/ehme.eu\\\/#\\\/schema\\\/person\\\/c3c1df3a62236ae6a6ac35940724673f\",\"name\":\"ehme_adm\",\"image\":{\"@type\":\"ImageObject\",\"inLanguage\":\"es\",\"@id\":\"https:\\\/\\\/secure.gravatar.com\\\/avatar\\\/96ee52075299345544bd8a4cfa0e980cf23d506270bf1080483417c5f548a9dc?s=96&d=mm&r=g\",\"url\":\"https:\\\/\\\/secure.gravatar.com\\\/avatar\\\/96ee52075299345544bd8a4cfa0e980cf23d506270bf1080483417c5f548a9dc?s=96&d=mm&r=g\",\"contentUrl\":\"https:\\\/\\\/secure.gravatar.com\\\/avatar\\\/96ee52075299345544bd8a4cfa0e980cf23d506270bf1080483417c5f548a9dc?s=96&d=mm&r=g\",\"caption\":\"ehme_adm\"}}]}<\/script>\n<!-- \/ Yoast SEO plugin. -->","yoast_head_json":{"title":"JORNADA: LA LEY DE EDUCACI\u00d3N EN EUSKADI, NUEVO DECRETO DE ESCUELAS DE M\u00daSICA (Y ARTE) Y LA POLIVALENCIA DEL PROFESORADO EN LAS ESCUELAS DE M\u00daSICA - EHME","robots":{"index":"index","follow":"follow","max-snippet":"max-snippet:-1","max-image-preview":"max-image-preview:large","max-video-preview":"max-video-preview:-1"},"canonical":"https:\/\/ehme.eu\/138973\/","og_locale":"es_ES","og_type":"article","og_title":"JORNADA: LA LEY DE EDUCACI\u00d3N EN EUSKADI, NUEVO DECRETO DE ESCUELAS DE M\u00daSICA (Y ARTE) Y LA POLIVALENCIA DEL PROFESORADO EN LAS ESCUELAS DE M\u00daSICA - EHME","og_description":"La Asociaci\u00f3n de cara a la modificaci\u00f3n del decreto que rige las Escuelas de M\u00fasica, organizar\u00e1 de cara al 12 de marzo de 10 a 14h en la Biblioteca Bidebarrieta de Bilbao una jornada. Desde EHME se considera un momento \u00fanico para poder juntar a los profesionales que trabajan en el sector y poder compartir [&hellip;]","og_url":"https:\/\/ehme.eu\/138973\/","og_site_name":"EHME","article_published_time":"2022-01-25T19:38:52+00:00","article_modified_time":"2022-02-08T10:13:47+00:00","og_image":[{"width":608,"height":433,"url":"https:\/\/ehme.eu\/wp-content\/uploads\/2022\/01\/EHME-web.jpg","type":"image\/jpeg"}],"author":"ehme_adm","twitter_card":"summary_large_image","twitter_misc":{"Escrito por":"ehme_adm","Tiempo de lectura":"1 minuto"},"schema":{"@context":"https:\/\/schema.org","@graph":[{"@type":"Article","@id":"https:\/\/ehme.eu\/138973\/#article","isPartOf":{"@id":"https:\/\/ehme.eu\/138973\/"},"author":{"name":"ehme_adm","@id":"https:\/\/ehme.eu\/#\/schema\/person\/c3c1df3a62236ae6a6ac35940724673f"},"headline":"JORNADA: LA LEY DE EDUCACI\u00d3N EN EUSKADI, NUEVO DECRETO DE ESCUELAS DE M\u00daSICA (Y ARTE) Y LA POLIVALENCIA DEL PROFESORADO EN LAS ESCUELAS DE M\u00daSICA","datePublished":"2022-01-25T19:38:52+00:00","dateModified":"2022-02-08T10:13:47+00:00","mainEntityOfPage":{"@id":"https:\/\/ehme.eu\/138973\/"},"wordCount":202,"image":{"@id":"https:\/\/ehme.eu\/138973\/#primaryimage"},"thumbnailUrl":"https:\/\/ehme.eu\/wp-content\/uploads\/2022\/01\/EHME-web.jpg","articleSection":["Noticias"],"inLanguage":"es"},{"@type":"WebPage","@id":"https:\/\/ehme.eu\/138973\/","url":"https:\/\/ehme.eu\/138973\/","name":"JORNADA: LA LEY DE EDUCACI\u00d3N EN EUSKADI, NUEVO DECRETO DE ESCUELAS DE M\u00daSICA (Y ARTE) Y LA POLIVALENCIA DEL PROFESORADO EN LAS ESCUELAS DE M\u00daSICA - EHME","isPartOf":{"@id":"https:\/\/ehme.eu\/#website"},"primaryImageOfPage":{"@id":"https:\/\/ehme.eu\/138973\/#primaryimage"},"image":{"@id":"https:\/\/ehme.eu\/138973\/#primaryimage"},"thumbnailUrl":"https:\/\/ehme.eu\/wp-content\/uploads\/2022\/01\/EHME-web.jpg","datePublished":"2022-01-25T19:38:52+00:00","dateModified":"2022-02-08T10:13:47+00:00","author":{"@id":"https:\/\/ehme.eu\/#\/schema\/person\/c3c1df3a62236ae6a6ac35940724673f"},"breadcrumb":{"@id":"https:\/\/ehme.eu\/138973\/#breadcrumb"},"inLanguage":"es","potentialAction":[{"@type":"ReadAction","target":["https:\/\/ehme.eu\/138973\/"]}]},{"@type":"ImageObject","inLanguage":"es","@id":"https:\/\/ehme.eu\/138973\/#primaryimage","url":"https:\/\/ehme.eu\/wp-content\/uploads\/2022\/01\/EHME-web.jpg","contentUrl":"https:\/\/ehme.eu\/wp-content\/uploads\/2022\/01\/EHME-web.jpg","width":608,"height":433},{"@type":"BreadcrumbList","@id":"https:\/\/ehme.eu\/138973\/#breadcrumb","itemListElement":[{"@type":"ListItem","position":1,"name":"Portada","item":"https:\/\/ehme.eu\/es\/"},{"@type":"ListItem","position":2,"name":"JORNADA: LA LEY DE EDUCACI\u00d3N EN EUSKADI, NUEVO DECRETO DE ESCUELAS DE M\u00daSICA (Y ARTE) Y LA POLIVALENCIA DEL PROFESORADO EN LAS ESCUELAS DE M\u00daSICA"}]},{"@type":"WebSite","@id":"https:\/\/ehme.eu\/#website","url":"https:\/\/ehme.eu\/","name":"EHME","description":"Asociaci\u00f3n de Escuelas de M\u00fasica y Danza del Pa\u00eds Vasco","potentialAction":[{"@type":"SearchAction","target":{"@type":"EntryPoint","urlTemplate":"https:\/\/ehme.eu\/?s={search_term_string}"},"query-input":{"@type":"PropertyValueSpecification","valueRequired":true,"valueName":"search_term_string"}}],"inLanguage":"es"},{"@type":"Person","@id":"https:\/\/ehme.eu\/#\/schema\/person\/c3c1df3a62236ae6a6ac35940724673f","name":"ehme_adm","image":{"@type":"ImageObject","inLanguage":"es","@id":"https:\/\/secure.gravatar.com\/avatar\/96ee52075299345544bd8a4cfa0e980cf23d506270bf1080483417c5f548a9dc?s=96&d=mm&r=g","url":"https:\/\/secure.gravatar.com\/avatar\/96ee52075299345544bd8a4cfa0e980cf23d506270bf1080483417c5f548a9dc?s=96&d=mm&r=g","contentUrl":"https:\/\/secure.gravatar.com\/avatar\/96ee52075299345544bd8a4cfa0e980cf23d506270bf1080483417c5f548a9dc?s=96&d=mm&r=g","caption":"ehme_adm"}}]}},"_links":{"self":[{"href":"https:\/\/ehme.eu\/es\/wp-json\/wp\/v2\/posts\/138969","targetHints":{"allow":["GET"]}}],"collection":[{"href":"https:\/\/ehme.eu\/es\/wp-json\/wp\/v2\/posts"}],"about":[{"href":"https:\/\/ehme.eu\/es\/wp-json\/wp\/v2\/types\/post"}],"author":[{"embeddable":true,"href":"https:\/\/ehme.eu\/es\/wp-json\/wp\/v2\/users\/9"}],"replies":[{"embeddable":true,"href":"https:\/\/ehme.eu\/es\/wp-json\/wp\/v2\/comments?post=138969"}],"version-history":[{"count":0,"href":"https:\/\/ehme.eu\/es\/wp-json\/wp\/v2\/posts\/138969\/revisions"}],"wp:featuredmedia":[{"embeddable":true,"href":"https:\/\/ehme.eu\/es\/wp-json\/wp\/v2\/media\/138970"}],"wp:attachment":[{"href":"https:\/\/ehme.eu\/es\/wp-json\/wp\/v2\/media?parent=138969"}],"wp:term":[{"taxonomy":"category","embeddable":true,"href":"https:\/\/ehme.eu\/es\/wp-json\/wp\/v2\/categories?post=138969"},{"taxonomy":"post_tag","embeddable":true,"href":"https:\/\/ehme.eu\/es\/wp-json\/wp\/v2\/tags?post=138969"}],"curies":[{"name":"wp","href":"https:\/\/api.w.org\/{rel}","templated":true}]}}