{"id":139073,"date":"2022-03-11T17:26:17","date_gmt":"2022-03-11T17:26:17","guid":{"rendered":"https:\/\/ehme.eu\/?p=139073"},"modified":"2022-03-11T17:26:17","modified_gmt":"2022-03-11T17:26:17","slug":"union-por-la-paz","status":"publish","type":"post","link":"https:\/\/ehme.eu\/es\/union-por-la-paz\/","title":{"rendered":"UNI\u00d3N POR LA PAZ"},"content":{"rendered":"<p><strong>El 15 de marzo<\/strong>, todas las Escuelas de la Asociaci\u00f3n de Escuelas de M\u00fasica y Danza UEMyD se unir\u00e1n para ofrecer una actuaci\u00f3n a favor de la paz. As\u00ed, a las <strong>18:30 horas <\/strong>tanto alumnos y alumnas como profesores y profesoras de las Escuelas de la Asociaci\u00f3n saldr\u00e1n a las calles de sus respectivas ciudades, con el fin de interpretar melod\u00edas para reivindicar la paz.<\/p>\n<p><strong>MANIFIESTO DE UEMYD<\/strong><\/p>\n<p>Estos d\u00edas estamos viendo, consternados, lo que est\u00e1 pasando en Ucrania, donde las noticias hablan ya de miles de muertos y millones de refugiados que huyen del pa\u00eds dejando atr\u00e1s sus vidas, sus recuerdos y, muchos de ellos, a parte de sus familias. Son las v\u00edctimas inocentes de una lucha de poderes que viola deliberadamente los derechos humanos y todo lo que representan. Porque, si bien la discrepancia es leg\u00edtima, la imposici\u00f3n armada, la destrucci\u00f3n y el homicidio son absolutamente inadmisibles.<\/p>\n<p>Por este motivo, desde la Uni\u00f3n de Escuelas de M\u00fasica y Danza queremos manifestar nuestro m\u00e1s absoluto rechazo a esta guerra, y a cualquier tipo de violencia sea all\u00e1 donde sea, as\u00ed como mostrar toda nuestra solidaridad con las personas que la est\u00e1n sufriendo. Familias, ni\u00f1as y ni\u00f1os que est\u00e1n viendo arrebatadas sus ilusiones y sus esperanzas.<\/p>\n<p>Tan lejos y, a la vez, tan cerca. Tan lejos, porque parece imposible, porque es incomprensible que una cosa as\u00ed pueda estar pasando en nuestros d\u00edas. Y tan cerca, porque es inevitable vernos identificados con todas las ucranianas y los ucranianos que sufren el horror de la invasi\u00f3n, y tambi\u00e9n con todos aquellos ciudadanos rusos que est\u00e1n siendo castigados o tienen que huir por no estar de acuerdo con su gobierno o han fallecido en una guerra que nunca deber\u00eda haberse producido.<\/p>\n<p>Nosotros no somos expertos en pol\u00edtica ni en cuestiones geoestrat\u00e9gicas; somos m\u00fasicos, pero sabemos y queremos reivindicar con toda nuestra convicci\u00f3n que la paz es un derecho irrenunciable, que la paz es un derecho universal, que la paz es la manera de entenderse, a pesar de las desavenencias, y que la paz es el \u00fanico camino hacia el futuro.<\/p>\n<p>Que la m\u00fasica acalle las bombas y nuestros instrumentos sean las \u00fanicas armas, disparando notas para amansar el mundo con una melod\u00eda de paz.<\/p>\n","protected":false},"excerpt":{"rendered":"<p>El 15 de marzo, todas las Escuelas de la Asociaci\u00f3n de Escuelas de M\u00fasica y Danza UEMyD se unir\u00e1n para ofrecer una actuaci\u00f3n a favor de la paz. As\u00ed, a las 18:30 horas tanto alumnos y alumnas como profesores y profesoras de las Escuelas de la Asociaci\u00f3n saldr\u00e1n a las calles de sus respectivas ciudades, [&hellip;]<\/p>\n","protected":false},"author":9,"featured_media":139074,"comment_status":"closed","ping_status":"open","sticky":false,"template":"","format":"standard","meta":{"footnotes":""},"categories":[540],"tags":[],"class_list":["post-139073","post","type-post","status-publish","format-standard","has-post-thumbnail","hentry","category-noticias"],"yoast_head":"<!-- This site is optimized with the Yoast SEO plugin v27.5 - https:\/\/yoast.com\/product\/yoast-seo-wordpress\/ -->\n<title>UNI\u00d3N POR LA PAZ - EHME<\/title>\n<meta name=\"robots\" content=\"index, follow, max-snippet:-1, max-image-preview:large, max-video-preview:-1\" \/>\n<link rel=\"canonical\" href=\"https:\/\/ehme.eu\/elkartasuna-bakearen-alde\/\" \/>\n<meta property=\"og:locale\" content=\"es_ES\" \/>\n<meta property=\"og:type\" content=\"article\" \/>\n<meta property=\"og:title\" content=\"UNI\u00d3N POR LA PAZ - EHME\" \/>\n<meta property=\"og:description\" content=\"El 15 de marzo, todas las Escuelas de la Asociaci\u00f3n de Escuelas de M\u00fasica y Danza UEMyD se unir\u00e1n para ofrecer una actuaci\u00f3n a favor de la paz. As\u00ed, a las 18:30 horas tanto alumnos y alumnas como profesores y profesoras de las Escuelas de la Asociaci\u00f3n saldr\u00e1n a las calles de sus respectivas ciudades, [&hellip;]\" \/>\n<meta property=\"og:url\" content=\"https:\/\/ehme.eu\/elkartasuna-bakearen-alde\/\" \/>\n<meta property=\"og:site_name\" content=\"EHME\" \/>\n<meta property=\"article:published_time\" content=\"2022-03-11T17:26:17+00:00\" \/>\n<meta property=\"og:image\" content=\"https:\/\/ehme.eu\/wp-content\/uploads\/2022\/03\/Bakearen-aldeko-kontzertua-banner-10-1-scaled.jpg\" \/>\n\t<meta property=\"og:image:width\" content=\"2560\" \/>\n\t<meta property=\"og:image:height\" content=\"1280\" \/>\n\t<meta property=\"og:image:type\" content=\"image\/jpeg\" \/>\n<meta name=\"author\" content=\"ehme_adm\" \/>\n<meta name=\"twitter:card\" content=\"summary_large_image\" \/>\n<meta name=\"twitter:label1\" content=\"Escrito por\" \/>\n\t<meta name=\"twitter:data1\" content=\"ehme_adm\" \/>\n\t<meta name=\"twitter:label2\" content=\"Tiempo de lectura\" \/>\n\t<meta name=\"twitter:data2\" content=\"2 minutos\" \/>\n<script type=\"application\/ld+json\" class=\"yoast-schema-graph\">{\"@context\":\"https:\\\/\\\/schema.org\",\"@graph\":[{\"@type\":\"Article\",\"@id\":\"https:\\\/\\\/ehme.eu\\\/elkartasuna-bakearen-alde\\\/#article\",\"isPartOf\":{\"@id\":\"https:\\\/\\\/ehme.eu\\\/elkartasuna-bakearen-alde\\\/\"},\"author\":{\"name\":\"ehme_adm\",\"@id\":\"https:\\\/\\\/ehme.eu\\\/#\\\/schema\\\/person\\\/c3c1df3a62236ae6a6ac35940724673f\"},\"headline\":\"UNI\u00d3N POR LA PAZ\",\"datePublished\":\"2022-03-11T17:26:17+00:00\",\"mainEntityOfPage\":{\"@id\":\"https:\\\/\\\/ehme.eu\\\/elkartasuna-bakearen-alde\\\/\"},\"wordCount\":406,\"image\":{\"@id\":\"https:\\\/\\\/ehme.eu\\\/elkartasuna-bakearen-alde\\\/#primaryimage\"},\"thumbnailUrl\":\"https:\\\/\\\/ehme.eu\\\/wp-content\\\/uploads\\\/2022\\\/03\\\/Bakearen-aldeko-kontzertua-banner-10-1-scaled.jpg\",\"articleSection\":[\"Noticias\"],\"inLanguage\":\"es\"},{\"@type\":\"WebPage\",\"@id\":\"https:\\\/\\\/ehme.eu\\\/elkartasuna-bakearen-alde\\\/\",\"url\":\"https:\\\/\\\/ehme.eu\\\/elkartasuna-bakearen-alde\\\/\",\"name\":\"UNI\u00d3N POR LA PAZ - EHME\",\"isPartOf\":{\"@id\":\"https:\\\/\\\/ehme.eu\\\/#website\"},\"primaryImageOfPage\":{\"@id\":\"https:\\\/\\\/ehme.eu\\\/elkartasuna-bakearen-alde\\\/#primaryimage\"},\"image\":{\"@id\":\"https:\\\/\\\/ehme.eu\\\/elkartasuna-bakearen-alde\\\/#primaryimage\"},\"thumbnailUrl\":\"https:\\\/\\\/ehme.eu\\\/wp-content\\\/uploads\\\/2022\\\/03\\\/Bakearen-aldeko-kontzertua-banner-10-1-scaled.jpg\",\"datePublished\":\"2022-03-11T17:26:17+00:00\",\"author\":{\"@id\":\"https:\\\/\\\/ehme.eu\\\/#\\\/schema\\\/person\\\/c3c1df3a62236ae6a6ac35940724673f\"},\"breadcrumb\":{\"@id\":\"https:\\\/\\\/ehme.eu\\\/elkartasuna-bakearen-alde\\\/#breadcrumb\"},\"inLanguage\":\"es\",\"potentialAction\":[{\"@type\":\"ReadAction\",\"target\":[\"https:\\\/\\\/ehme.eu\\\/elkartasuna-bakearen-alde\\\/\"]}]},{\"@type\":\"ImageObject\",\"inLanguage\":\"es\",\"@id\":\"https:\\\/\\\/ehme.eu\\\/elkartasuna-bakearen-alde\\\/#primaryimage\",\"url\":\"https:\\\/\\\/ehme.eu\\\/wp-content\\\/uploads\\\/2022\\\/03\\\/Bakearen-aldeko-kontzertua-banner-10-1-scaled.jpg\",\"contentUrl\":\"https:\\\/\\\/ehme.eu\\\/wp-content\\\/uploads\\\/2022\\\/03\\\/Bakearen-aldeko-kontzertua-banner-10-1-scaled.jpg\",\"width\":2560,\"height\":1280},{\"@type\":\"BreadcrumbList\",\"@id\":\"https:\\\/\\\/ehme.eu\\\/elkartasuna-bakearen-alde\\\/#breadcrumb\",\"itemListElement\":[{\"@type\":\"ListItem\",\"position\":1,\"name\":\"Portada\",\"item\":\"https:\\\/\\\/ehme.eu\\\/es\\\/\"},{\"@type\":\"ListItem\",\"position\":2,\"name\":\"UNI\u00d3N POR LA PAZ\"}]},{\"@type\":\"WebSite\",\"@id\":\"https:\\\/\\\/ehme.eu\\\/#website\",\"url\":\"https:\\\/\\\/ehme.eu\\\/\",\"name\":\"EHME\",\"description\":\"Asociaci\u00f3n de Escuelas de M\u00fasica y Danza del Pa\u00eds Vasco\",\"potentialAction\":[{\"@type\":\"SearchAction\",\"target\":{\"@type\":\"EntryPoint\",\"urlTemplate\":\"https:\\\/\\\/ehme.eu\\\/?s={search_term_string}\"},\"query-input\":{\"@type\":\"PropertyValueSpecification\",\"valueRequired\":true,\"valueName\":\"search_term_string\"}}],\"inLanguage\":\"es\"},{\"@type\":\"Person\",\"@id\":\"https:\\\/\\\/ehme.eu\\\/#\\\/schema\\\/person\\\/c3c1df3a62236ae6a6ac35940724673f\",\"name\":\"ehme_adm\",\"image\":{\"@type\":\"ImageObject\",\"inLanguage\":\"es\",\"@id\":\"https:\\\/\\\/secure.gravatar.com\\\/avatar\\\/96ee52075299345544bd8a4cfa0e980cf23d506270bf1080483417c5f548a9dc?s=96&d=mm&r=g\",\"url\":\"https:\\\/\\\/secure.gravatar.com\\\/avatar\\\/96ee52075299345544bd8a4cfa0e980cf23d506270bf1080483417c5f548a9dc?s=96&d=mm&r=g\",\"contentUrl\":\"https:\\\/\\\/secure.gravatar.com\\\/avatar\\\/96ee52075299345544bd8a4cfa0e980cf23d506270bf1080483417c5f548a9dc?s=96&d=mm&r=g\",\"caption\":\"ehme_adm\"}}]}<\/script>\n<!-- \/ Yoast SEO plugin. -->","yoast_head_json":{"title":"UNI\u00d3N POR LA PAZ - EHME","robots":{"index":"index","follow":"follow","max-snippet":"max-snippet:-1","max-image-preview":"max-image-preview:large","max-video-preview":"max-video-preview:-1"},"canonical":"https:\/\/ehme.eu\/elkartasuna-bakearen-alde\/","og_locale":"es_ES","og_type":"article","og_title":"UNI\u00d3N POR LA PAZ - EHME","og_description":"El 15 de marzo, todas las Escuelas de la Asociaci\u00f3n de Escuelas de M\u00fasica y Danza UEMyD se unir\u00e1n para ofrecer una actuaci\u00f3n a favor de la paz. As\u00ed, a las 18:30 horas tanto alumnos y alumnas como profesores y profesoras de las Escuelas de la Asociaci\u00f3n saldr\u00e1n a las calles de sus respectivas ciudades, [&hellip;]","og_url":"https:\/\/ehme.eu\/elkartasuna-bakearen-alde\/","og_site_name":"EHME","article_published_time":"2022-03-11T17:26:17+00:00","og_image":[{"width":2560,"height":1280,"url":"https:\/\/ehme.eu\/wp-content\/uploads\/2022\/03\/Bakearen-aldeko-kontzertua-banner-10-1-scaled.jpg","type":"image\/jpeg"}],"author":"ehme_adm","twitter_card":"summary_large_image","twitter_misc":{"Escrito por":"ehme_adm","Tiempo de lectura":"2 minutos"},"schema":{"@context":"https:\/\/schema.org","@graph":[{"@type":"Article","@id":"https:\/\/ehme.eu\/elkartasuna-bakearen-alde\/#article","isPartOf":{"@id":"https:\/\/ehme.eu\/elkartasuna-bakearen-alde\/"},"author":{"name":"ehme_adm","@id":"https:\/\/ehme.eu\/#\/schema\/person\/c3c1df3a62236ae6a6ac35940724673f"},"headline":"UNI\u00d3N POR LA PAZ","datePublished":"2022-03-11T17:26:17+00:00","mainEntityOfPage":{"@id":"https:\/\/ehme.eu\/elkartasuna-bakearen-alde\/"},"wordCount":406,"image":{"@id":"https:\/\/ehme.eu\/elkartasuna-bakearen-alde\/#primaryimage"},"thumbnailUrl":"https:\/\/ehme.eu\/wp-content\/uploads\/2022\/03\/Bakearen-aldeko-kontzertua-banner-10-1-scaled.jpg","articleSection":["Noticias"],"inLanguage":"es"},{"@type":"WebPage","@id":"https:\/\/ehme.eu\/elkartasuna-bakearen-alde\/","url":"https:\/\/ehme.eu\/elkartasuna-bakearen-alde\/","name":"UNI\u00d3N POR LA PAZ - EHME","isPartOf":{"@id":"https:\/\/ehme.eu\/#website"},"primaryImageOfPage":{"@id":"https:\/\/ehme.eu\/elkartasuna-bakearen-alde\/#primaryimage"},"image":{"@id":"https:\/\/ehme.eu\/elkartasuna-bakearen-alde\/#primaryimage"},"thumbnailUrl":"https:\/\/ehme.eu\/wp-content\/uploads\/2022\/03\/Bakearen-aldeko-kontzertua-banner-10-1-scaled.jpg","datePublished":"2022-03-11T17:26:17+00:00","author":{"@id":"https:\/\/ehme.eu\/#\/schema\/person\/c3c1df3a62236ae6a6ac35940724673f"},"breadcrumb":{"@id":"https:\/\/ehme.eu\/elkartasuna-bakearen-alde\/#breadcrumb"},"inLanguage":"es","potentialAction":[{"@type":"ReadAction","target":["https:\/\/ehme.eu\/elkartasuna-bakearen-alde\/"]}]},{"@type":"ImageObject","inLanguage":"es","@id":"https:\/\/ehme.eu\/elkartasuna-bakearen-alde\/#primaryimage","url":"https:\/\/ehme.eu\/wp-content\/uploads\/2022\/03\/Bakearen-aldeko-kontzertua-banner-10-1-scaled.jpg","contentUrl":"https:\/\/ehme.eu\/wp-content\/uploads\/2022\/03\/Bakearen-aldeko-kontzertua-banner-10-1-scaled.jpg","width":2560,"height":1280},{"@type":"BreadcrumbList","@id":"https:\/\/ehme.eu\/elkartasuna-bakearen-alde\/#breadcrumb","itemListElement":[{"@type":"ListItem","position":1,"name":"Portada","item":"https:\/\/ehme.eu\/es\/"},{"@type":"ListItem","position":2,"name":"UNI\u00d3N POR LA PAZ"}]},{"@type":"WebSite","@id":"https:\/\/ehme.eu\/#website","url":"https:\/\/ehme.eu\/","name":"EHME","description":"Asociaci\u00f3n de Escuelas de M\u00fasica y Danza del Pa\u00eds Vasco","potentialAction":[{"@type":"SearchAction","target":{"@type":"EntryPoint","urlTemplate":"https:\/\/ehme.eu\/?s={search_term_string}"},"query-input":{"@type":"PropertyValueSpecification","valueRequired":true,"valueName":"search_term_string"}}],"inLanguage":"es"},{"@type":"Person","@id":"https:\/\/ehme.eu\/#\/schema\/person\/c3c1df3a62236ae6a6ac35940724673f","name":"ehme_adm","image":{"@type":"ImageObject","inLanguage":"es","@id":"https:\/\/secure.gravatar.com\/avatar\/96ee52075299345544bd8a4cfa0e980cf23d506270bf1080483417c5f548a9dc?s=96&d=mm&r=g","url":"https:\/\/secure.gravatar.com\/avatar\/96ee52075299345544bd8a4cfa0e980cf23d506270bf1080483417c5f548a9dc?s=96&d=mm&r=g","contentUrl":"https:\/\/secure.gravatar.com\/avatar\/96ee52075299345544bd8a4cfa0e980cf23d506270bf1080483417c5f548a9dc?s=96&d=mm&r=g","caption":"ehme_adm"}}]}},"_links":{"self":[{"href":"https:\/\/ehme.eu\/es\/wp-json\/wp\/v2\/posts\/139073","targetHints":{"allow":["GET"]}}],"collection":[{"href":"https:\/\/ehme.eu\/es\/wp-json\/wp\/v2\/posts"}],"about":[{"href":"https:\/\/ehme.eu\/es\/wp-json\/wp\/v2\/types\/post"}],"author":[{"embeddable":true,"href":"https:\/\/ehme.eu\/es\/wp-json\/wp\/v2\/users\/9"}],"replies":[{"embeddable":true,"href":"https:\/\/ehme.eu\/es\/wp-json\/wp\/v2\/comments?post=139073"}],"version-history":[{"count":0,"href":"https:\/\/ehme.eu\/es\/wp-json\/wp\/v2\/posts\/139073\/revisions"}],"wp:featuredmedia":[{"embeddable":true,"href":"https:\/\/ehme.eu\/es\/wp-json\/wp\/v2\/media\/139074"}],"wp:attachment":[{"href":"https:\/\/ehme.eu\/es\/wp-json\/wp\/v2\/media?parent=139073"}],"wp:term":[{"taxonomy":"category","embeddable":true,"href":"https:\/\/ehme.eu\/es\/wp-json\/wp\/v2\/categories?post=139073"},{"taxonomy":"post_tag","embeddable":true,"href":"https:\/\/ehme.eu\/es\/wp-json\/wp\/v2\/tags?post=139073"}],"curies":[{"name":"wp","href":"https:\/\/api.w.org\/{rel}","templated":true}]}}