{"id":139084,"date":"2022-04-29T08:08:55","date_gmt":"2022-04-29T08:08:55","guid":{"rendered":"https:\/\/ehme.eu\/?p=139084"},"modified":"2022-04-29T08:17:23","modified_gmt":"2022-04-29T08:17:23","slug":"campana-de-matriculacion","status":"publish","type":"post","link":"https:\/\/ehme.eu\/es\/campana-de-matriculacion\/","title":{"rendered":"CAMPA\u00d1A DE MATRICULACI\u00d3N"},"content":{"rendered":"<p>Un a\u00f1o mas, comenzamos con la matr\u00edcula de matriculaci\u00f3n para el curso 2022-2023. Y es por este motivo, que la asociaci\u00f3n ha creado un video para que se difunda por las escuelas asociadas animando a la matriculaci\u00f3n en las Escuelas de M\u00fasica.<\/p>\n<p>Como siempre, EHME pone a disposici\u00f3n de las escuelas asociadas el video y el cartel para que puedan utilizarlo y adaptarlo a cada centro.<\/p>\n<div style=\"width: 900px;\" class=\"wp-video\"><!--[if lt IE 9]><script>document.createElement('video');<\/script><![endif]-->\n<video class=\"wp-video-shortcode\" id=\"video-139084-1\" width=\"900\" height=\"506\" preload=\"metadata\" controls=\"controls\"><source type=\"video\/mp4\" src=\"https:\/\/ehme.eu\/wp-content\/uploads\/2022\/04\/EHME-Matrikulazio-bideoa-2022.mp4?_=1\" \/><a href=\"https:\/\/ehme.eu\/wp-content\/uploads\/2022\/04\/EHME-Matrikulazio-bideoa-2022.mp4\">https:\/\/ehme.eu\/wp-content\/uploads\/2022\/04\/EHME-Matrikulazio-bideoa-2022.mp4<\/a><\/video><\/div>\n","protected":false},"excerpt":{"rendered":"<p>Un a\u00f1o mas, comenzamos con la matr\u00edcula de matriculaci\u00f3n para el curso 2022-2023. Y es por este motivo, que la asociaci\u00f3n ha creado un video para que se difunda por las escuelas asociadas animando a la matriculaci\u00f3n en las Escuelas de M\u00fasica. Como siempre, EHME pone a disposici\u00f3n de las escuelas asociadas el video y [&hellip;]<\/p>\n","protected":false},"author":9,"featured_media":136949,"comment_status":"closed","ping_status":"open","sticky":false,"template":"","format":"standard","meta":{"footnotes":""},"categories":[540],"tags":[],"class_list":["post-139084","post","type-post","status-publish","format-standard","has-post-thumbnail","hentry","category-noticias"],"yoast_head":"<!-- This site is optimized with the Yoast SEO plugin v27.5 - https:\/\/yoast.com\/product\/yoast-seo-wordpress\/ -->\n<title>CAMPA\u00d1A DE MATRICULACI\u00d3N - EHME<\/title>\n<meta name=\"robots\" content=\"index, follow, max-snippet:-1, max-image-preview:large, max-video-preview:-1\" \/>\n<link rel=\"canonical\" href=\"https:\/\/ehme.eu\/matrikulazio-kanpaina\/\" \/>\n<meta property=\"og:locale\" content=\"es_ES\" \/>\n<meta property=\"og:type\" content=\"article\" \/>\n<meta property=\"og:title\" content=\"CAMPA\u00d1A DE MATRICULACI\u00d3N - EHME\" \/>\n<meta property=\"og:description\" content=\"Un a\u00f1o mas, comenzamos con la matr\u00edcula de matriculaci\u00f3n para el curso 2022-2023. Y es por este motivo, que la asociaci\u00f3n ha creado un video para que se difunda por las escuelas asociadas animando a la matriculaci\u00f3n en las Escuelas de M\u00fasica. Como siempre, EHME pone a disposici\u00f3n de las escuelas asociadas el video y [&hellip;]\" \/>\n<meta property=\"og:url\" content=\"https:\/\/ehme.eu\/matrikulazio-kanpaina\/\" \/>\n<meta property=\"og:site_name\" content=\"EHME\" \/>\n<meta property=\"article:published_time\" content=\"2022-04-29T08:08:55+00:00\" \/>\n<meta property=\"article:modified_time\" content=\"2022-04-29T08:17:23+00:00\" \/>\n<meta property=\"og:image\" content=\"https:\/\/ehme.eu\/wp-content\/uploads\/2019\/05\/cropped-favicon-de-ehme-2.png\" \/>\n\t<meta property=\"og:image:width\" content=\"512\" \/>\n\t<meta property=\"og:image:height\" content=\"512\" \/>\n\t<meta property=\"og:image:type\" content=\"image\/png\" \/>\n<meta name=\"author\" content=\"ehme_adm\" \/>\n<meta name=\"twitter:card\" content=\"summary_large_image\" \/>\n<meta name=\"twitter:label1\" content=\"Escrito por\" \/>\n\t<meta name=\"twitter:data1\" content=\"ehme_adm\" \/>\n\t<meta name=\"twitter:label2\" content=\"Tiempo de lectura\" \/>\n\t<meta name=\"twitter:data2\" content=\"1 minuto\" \/>\n<script type=\"application\/ld+json\" class=\"yoast-schema-graph\">{\"@context\":\"https:\\\/\\\/schema.org\",\"@graph\":[{\"@type\":\"Article\",\"@id\":\"https:\\\/\\\/ehme.eu\\\/matrikulazio-kanpaina\\\/#article\",\"isPartOf\":{\"@id\":\"https:\\\/\\\/ehme.eu\\\/matrikulazio-kanpaina\\\/\"},\"author\":{\"name\":\"ehme_adm\",\"@id\":\"https:\\\/\\\/ehme.eu\\\/#\\\/schema\\\/person\\\/c3c1df3a62236ae6a6ac35940724673f\"},\"headline\":\"CAMPA\u00d1A DE MATRICULACI\u00d3N\",\"datePublished\":\"2022-04-29T08:08:55+00:00\",\"dateModified\":\"2022-04-29T08:17:23+00:00\",\"mainEntityOfPage\":{\"@id\":\"https:\\\/\\\/ehme.eu\\\/matrikulazio-kanpaina\\\/\"},\"wordCount\":90,\"image\":{\"@id\":\"https:\\\/\\\/ehme.eu\\\/matrikulazio-kanpaina\\\/#primaryimage\"},\"thumbnailUrl\":\"https:\\\/\\\/ehme.eu\\\/wp-content\\\/uploads\\\/2019\\\/05\\\/cropped-favicon-de-ehme-2.png\",\"articleSection\":[\"Noticias\"],\"inLanguage\":\"es\"},{\"@type\":\"WebPage\",\"@id\":\"https:\\\/\\\/ehme.eu\\\/matrikulazio-kanpaina\\\/\",\"url\":\"https:\\\/\\\/ehme.eu\\\/matrikulazio-kanpaina\\\/\",\"name\":\"CAMPA\u00d1A DE MATRICULACI\u00d3N - EHME\",\"isPartOf\":{\"@id\":\"https:\\\/\\\/ehme.eu\\\/#website\"},\"primaryImageOfPage\":{\"@id\":\"https:\\\/\\\/ehme.eu\\\/matrikulazio-kanpaina\\\/#primaryimage\"},\"image\":{\"@id\":\"https:\\\/\\\/ehme.eu\\\/matrikulazio-kanpaina\\\/#primaryimage\"},\"thumbnailUrl\":\"https:\\\/\\\/ehme.eu\\\/wp-content\\\/uploads\\\/2019\\\/05\\\/cropped-favicon-de-ehme-2.png\",\"datePublished\":\"2022-04-29T08:08:55+00:00\",\"dateModified\":\"2022-04-29T08:17:23+00:00\",\"author\":{\"@id\":\"https:\\\/\\\/ehme.eu\\\/#\\\/schema\\\/person\\\/c3c1df3a62236ae6a6ac35940724673f\"},\"breadcrumb\":{\"@id\":\"https:\\\/\\\/ehme.eu\\\/matrikulazio-kanpaina\\\/#breadcrumb\"},\"inLanguage\":\"es\",\"potentialAction\":[{\"@type\":\"ReadAction\",\"target\":[\"https:\\\/\\\/ehme.eu\\\/matrikulazio-kanpaina\\\/\"]}]},{\"@type\":\"ImageObject\",\"inLanguage\":\"es\",\"@id\":\"https:\\\/\\\/ehme.eu\\\/matrikulazio-kanpaina\\\/#primaryimage\",\"url\":\"https:\\\/\\\/ehme.eu\\\/wp-content\\\/uploads\\\/2019\\\/05\\\/cropped-favicon-de-ehme-2.png\",\"contentUrl\":\"https:\\\/\\\/ehme.eu\\\/wp-content\\\/uploads\\\/2019\\\/05\\\/cropped-favicon-de-ehme-2.png\",\"width\":512,\"height\":512},{\"@type\":\"BreadcrumbList\",\"@id\":\"https:\\\/\\\/ehme.eu\\\/matrikulazio-kanpaina\\\/#breadcrumb\",\"itemListElement\":[{\"@type\":\"ListItem\",\"position\":1,\"name\":\"Portada\",\"item\":\"https:\\\/\\\/ehme.eu\\\/es\\\/\"},{\"@type\":\"ListItem\",\"position\":2,\"name\":\"CAMPA\u00d1A DE MATRICULACI\u00d3N\"}]},{\"@type\":\"WebSite\",\"@id\":\"https:\\\/\\\/ehme.eu\\\/#website\",\"url\":\"https:\\\/\\\/ehme.eu\\\/\",\"name\":\"EHME\",\"description\":\"Asociaci\u00f3n de Escuelas de M\u00fasica y Danza del Pa\u00eds Vasco\",\"potentialAction\":[{\"@type\":\"SearchAction\",\"target\":{\"@type\":\"EntryPoint\",\"urlTemplate\":\"https:\\\/\\\/ehme.eu\\\/?s={search_term_string}\"},\"query-input\":{\"@type\":\"PropertyValueSpecification\",\"valueRequired\":true,\"valueName\":\"search_term_string\"}}],\"inLanguage\":\"es\"},{\"@type\":\"Person\",\"@id\":\"https:\\\/\\\/ehme.eu\\\/#\\\/schema\\\/person\\\/c3c1df3a62236ae6a6ac35940724673f\",\"name\":\"ehme_adm\",\"image\":{\"@type\":\"ImageObject\",\"inLanguage\":\"es\",\"@id\":\"https:\\\/\\\/secure.gravatar.com\\\/avatar\\\/96ee52075299345544bd8a4cfa0e980cf23d506270bf1080483417c5f548a9dc?s=96&d=mm&r=g\",\"url\":\"https:\\\/\\\/secure.gravatar.com\\\/avatar\\\/96ee52075299345544bd8a4cfa0e980cf23d506270bf1080483417c5f548a9dc?s=96&d=mm&r=g\",\"contentUrl\":\"https:\\\/\\\/secure.gravatar.com\\\/avatar\\\/96ee52075299345544bd8a4cfa0e980cf23d506270bf1080483417c5f548a9dc?s=96&d=mm&r=g\",\"caption\":\"ehme_adm\"}}]}<\/script>\n<!-- \/ Yoast SEO plugin. -->","yoast_head_json":{"title":"CAMPA\u00d1A DE MATRICULACI\u00d3N - EHME","robots":{"index":"index","follow":"follow","max-snippet":"max-snippet:-1","max-image-preview":"max-image-preview:large","max-video-preview":"max-video-preview:-1"},"canonical":"https:\/\/ehme.eu\/matrikulazio-kanpaina\/","og_locale":"es_ES","og_type":"article","og_title":"CAMPA\u00d1A DE MATRICULACI\u00d3N - EHME","og_description":"Un a\u00f1o mas, comenzamos con la matr\u00edcula de matriculaci\u00f3n para el curso 2022-2023. Y es por este motivo, que la asociaci\u00f3n ha creado un video para que se difunda por las escuelas asociadas animando a la matriculaci\u00f3n en las Escuelas de M\u00fasica. Como siempre, EHME pone a disposici\u00f3n de las escuelas asociadas el video y [&hellip;]","og_url":"https:\/\/ehme.eu\/matrikulazio-kanpaina\/","og_site_name":"EHME","article_published_time":"2022-04-29T08:08:55+00:00","article_modified_time":"2022-04-29T08:17:23+00:00","og_image":[{"width":512,"height":512,"url":"https:\/\/ehme.eu\/wp-content\/uploads\/2019\/05\/cropped-favicon-de-ehme-2.png","type":"image\/png"}],"author":"ehme_adm","twitter_card":"summary_large_image","twitter_misc":{"Escrito por":"ehme_adm","Tiempo de lectura":"1 minuto"},"schema":{"@context":"https:\/\/schema.org","@graph":[{"@type":"Article","@id":"https:\/\/ehme.eu\/matrikulazio-kanpaina\/#article","isPartOf":{"@id":"https:\/\/ehme.eu\/matrikulazio-kanpaina\/"},"author":{"name":"ehme_adm","@id":"https:\/\/ehme.eu\/#\/schema\/person\/c3c1df3a62236ae6a6ac35940724673f"},"headline":"CAMPA\u00d1A DE MATRICULACI\u00d3N","datePublished":"2022-04-29T08:08:55+00:00","dateModified":"2022-04-29T08:17:23+00:00","mainEntityOfPage":{"@id":"https:\/\/ehme.eu\/matrikulazio-kanpaina\/"},"wordCount":90,"image":{"@id":"https:\/\/ehme.eu\/matrikulazio-kanpaina\/#primaryimage"},"thumbnailUrl":"https:\/\/ehme.eu\/wp-content\/uploads\/2019\/05\/cropped-favicon-de-ehme-2.png","articleSection":["Noticias"],"inLanguage":"es"},{"@type":"WebPage","@id":"https:\/\/ehme.eu\/matrikulazio-kanpaina\/","url":"https:\/\/ehme.eu\/matrikulazio-kanpaina\/","name":"CAMPA\u00d1A DE MATRICULACI\u00d3N - EHME","isPartOf":{"@id":"https:\/\/ehme.eu\/#website"},"primaryImageOfPage":{"@id":"https:\/\/ehme.eu\/matrikulazio-kanpaina\/#primaryimage"},"image":{"@id":"https:\/\/ehme.eu\/matrikulazio-kanpaina\/#primaryimage"},"thumbnailUrl":"https:\/\/ehme.eu\/wp-content\/uploads\/2019\/05\/cropped-favicon-de-ehme-2.png","datePublished":"2022-04-29T08:08:55+00:00","dateModified":"2022-04-29T08:17:23+00:00","author":{"@id":"https:\/\/ehme.eu\/#\/schema\/person\/c3c1df3a62236ae6a6ac35940724673f"},"breadcrumb":{"@id":"https:\/\/ehme.eu\/matrikulazio-kanpaina\/#breadcrumb"},"inLanguage":"es","potentialAction":[{"@type":"ReadAction","target":["https:\/\/ehme.eu\/matrikulazio-kanpaina\/"]}]},{"@type":"ImageObject","inLanguage":"es","@id":"https:\/\/ehme.eu\/matrikulazio-kanpaina\/#primaryimage","url":"https:\/\/ehme.eu\/wp-content\/uploads\/2019\/05\/cropped-favicon-de-ehme-2.png","contentUrl":"https:\/\/ehme.eu\/wp-content\/uploads\/2019\/05\/cropped-favicon-de-ehme-2.png","width":512,"height":512},{"@type":"BreadcrumbList","@id":"https:\/\/ehme.eu\/matrikulazio-kanpaina\/#breadcrumb","itemListElement":[{"@type":"ListItem","position":1,"name":"Portada","item":"https:\/\/ehme.eu\/es\/"},{"@type":"ListItem","position":2,"name":"CAMPA\u00d1A DE MATRICULACI\u00d3N"}]},{"@type":"WebSite","@id":"https:\/\/ehme.eu\/#website","url":"https:\/\/ehme.eu\/","name":"EHME","description":"Asociaci\u00f3n de Escuelas de M\u00fasica y Danza del Pa\u00eds Vasco","potentialAction":[{"@type":"SearchAction","target":{"@type":"EntryPoint","urlTemplate":"https:\/\/ehme.eu\/?s={search_term_string}"},"query-input":{"@type":"PropertyValueSpecification","valueRequired":true,"valueName":"search_term_string"}}],"inLanguage":"es"},{"@type":"Person","@id":"https:\/\/ehme.eu\/#\/schema\/person\/c3c1df3a62236ae6a6ac35940724673f","name":"ehme_adm","image":{"@type":"ImageObject","inLanguage":"es","@id":"https:\/\/secure.gravatar.com\/avatar\/96ee52075299345544bd8a4cfa0e980cf23d506270bf1080483417c5f548a9dc?s=96&d=mm&r=g","url":"https:\/\/secure.gravatar.com\/avatar\/96ee52075299345544bd8a4cfa0e980cf23d506270bf1080483417c5f548a9dc?s=96&d=mm&r=g","contentUrl":"https:\/\/secure.gravatar.com\/avatar\/96ee52075299345544bd8a4cfa0e980cf23d506270bf1080483417c5f548a9dc?s=96&d=mm&r=g","caption":"ehme_adm"}}]}},"_links":{"self":[{"href":"https:\/\/ehme.eu\/es\/wp-json\/wp\/v2\/posts\/139084","targetHints":{"allow":["GET"]}}],"collection":[{"href":"https:\/\/ehme.eu\/es\/wp-json\/wp\/v2\/posts"}],"about":[{"href":"https:\/\/ehme.eu\/es\/wp-json\/wp\/v2\/types\/post"}],"author":[{"embeddable":true,"href":"https:\/\/ehme.eu\/es\/wp-json\/wp\/v2\/users\/9"}],"replies":[{"embeddable":true,"href":"https:\/\/ehme.eu\/es\/wp-json\/wp\/v2\/comments?post=139084"}],"version-history":[{"count":0,"href":"https:\/\/ehme.eu\/es\/wp-json\/wp\/v2\/posts\/139084\/revisions"}],"wp:featuredmedia":[{"embeddable":true,"href":"https:\/\/ehme.eu\/es\/wp-json\/wp\/v2\/media\/136949"}],"wp:attachment":[{"href":"https:\/\/ehme.eu\/es\/wp-json\/wp\/v2\/media?parent=139084"}],"wp:term":[{"taxonomy":"category","embeddable":true,"href":"https:\/\/ehme.eu\/es\/wp-json\/wp\/v2\/categories?post=139084"},{"taxonomy":"post_tag","embeddable":true,"href":"https:\/\/ehme.eu\/es\/wp-json\/wp\/v2\/tags?post=139084"}],"curies":[{"name":"wp","href":"https:\/\/api.w.org\/{rel}","templated":true}]}}