{"id":139278,"date":"2023-03-27T10:24:50","date_gmt":"2023-03-27T10:24:50","guid":{"rendered":"https:\/\/ehme.eu\/?p=139278"},"modified":"2023-03-27T10:24:50","modified_gmt":"2023-03-27T10:24:50","slug":"oferta-de-trabajo-eibar-2","status":"publish","type":"post","link":"https:\/\/ehme.eu\/es\/oferta-de-trabajo-eibar-2\/","title":{"rendered":"OFERTA DE TRABAJO &#8211; EIBAR"},"content":{"rendered":"<p>La Escuela de M\u00fasica Municipal de Eibar\u00a0 Juan Bautista Gisasola, necesita porfesor\/a de guitarra el\u00e9ctrica y combo, para realizar una sustituci\u00f3n del 28 de marzo al 23 de junio.<\/p>\n<p>El horario es:<br \/>\n&#8211; Martes: 16:00h a 21:30h<br \/>\n&#8211; Mi\u00e9rcoles: 15:00h a 21:00h<br \/>\n&#8211; Jueves: 15:00h a 21:00h<\/p>\n<p>Las personas interesadas ponerse en contacto a trav\u00e9s de: <a href=\"mailto:musikaeskola@musikaeskola.eibar.eus\"><span id=\"page3R_mcid11\" class=\"markedContent\"><span dir=\"ltr\" role=\"presentation\">musikaeskola@musikaeskola.eibar.eus<\/span><\/span><\/a><\/p>\n","protected":false},"excerpt":{"rendered":"<p>La Escuela de M\u00fasica Municipal de Eibar\u00a0 Juan Bautista Gisasola, necesita porfesor\/a de guitarra el\u00e9ctrica y combo, para realizar una sustituci\u00f3n del 28 de marzo al 23 de junio. El horario es: &#8211; Martes: 16:00h a 21:30h &#8211; Mi\u00e9rcoles: 15:00h a 21:00h &#8211; Jueves: 15:00h a 21:00h Las personas interesadas ponerse en contacto a trav\u00e9s [&hellip;]<\/p>\n","protected":false},"author":9,"featured_media":137991,"comment_status":"closed","ping_status":"open","sticky":false,"template":"","format":"standard","meta":{"footnotes":""},"categories":[537],"tags":[],"class_list":["post-139278","post","type-post","status-publish","format-standard","has-post-thumbnail","hentry","category-oferta-de-trabajo"],"yoast_head":"<!-- This site is optimized with the Yoast SEO plugin v27.4 - https:\/\/yoast.com\/product\/yoast-seo-wordpress\/ -->\n<title>OFERTA DE TRABAJO - EIBAR - EHME<\/title>\n<meta name=\"robots\" content=\"index, follow, max-snippet:-1, max-image-preview:large, max-video-preview:-1\" \/>\n<link rel=\"canonical\" href=\"https:\/\/ehme.eu\/lan-eskaintza-eibar-2\/\" \/>\n<meta property=\"og:locale\" content=\"es_ES\" \/>\n<meta property=\"og:type\" content=\"article\" \/>\n<meta property=\"og:title\" content=\"OFERTA DE TRABAJO - EIBAR - EHME\" \/>\n<meta property=\"og:description\" content=\"La Escuela de M\u00fasica Municipal de Eibar\u00a0 Juan Bautista Gisasola, necesita porfesor\/a de guitarra el\u00e9ctrica y combo, para realizar una sustituci\u00f3n del 28 de marzo al 23 de junio. El horario es: &#8211; Martes: 16:00h a 21:30h &#8211; Mi\u00e9rcoles: 15:00h a 21:00h &#8211; Jueves: 15:00h a 21:00h Las personas interesadas ponerse en contacto a trav\u00e9s [&hellip;]\" \/>\n<meta property=\"og:url\" content=\"https:\/\/ehme.eu\/lan-eskaintza-eibar-2\/\" \/>\n<meta property=\"og:site_name\" content=\"EHME\" \/>\n<meta property=\"article:published_time\" content=\"2023-03-27T10:24:50+00:00\" \/>\n<meta property=\"og:image\" content=\"https:\/\/ehme.eu\/wp-content\/uploads\/2014\/10\/eibar.gif\" \/>\n\t<meta property=\"og:image:width\" content=\"138\" \/>\n\t<meta property=\"og:image:height\" content=\"28\" \/>\n\t<meta property=\"og:image:type\" content=\"image\/gif\" \/>\n<meta name=\"author\" content=\"ehme_adm\" \/>\n<meta name=\"twitter:card\" content=\"summary_large_image\" \/>\n<meta name=\"twitter:label1\" content=\"Escrito por\" \/>\n\t<meta name=\"twitter:data1\" content=\"ehme_adm\" \/>\n\t<meta name=\"twitter:label2\" content=\"Tiempo de lectura\" \/>\n\t<meta name=\"twitter:data2\" content=\"1 minuto\" \/>\n<script type=\"application\/ld+json\" class=\"yoast-schema-graph\">{\"@context\":\"https:\\\/\\\/schema.org\",\"@graph\":[{\"@type\":\"Article\",\"@id\":\"https:\\\/\\\/ehme.eu\\\/lan-eskaintza-eibar-2\\\/#article\",\"isPartOf\":{\"@id\":\"https:\\\/\\\/ehme.eu\\\/lan-eskaintza-eibar-2\\\/\"},\"author\":{\"name\":\"ehme_adm\",\"@id\":\"https:\\\/\\\/ehme.eu\\\/#\\\/schema\\\/person\\\/c3c1df3a62236ae6a6ac35940724673f\"},\"headline\":\"OFERTA DE TRABAJO &#8211; EIBAR\",\"datePublished\":\"2023-03-27T10:24:50+00:00\",\"mainEntityOfPage\":{\"@id\":\"https:\\\/\\\/ehme.eu\\\/lan-eskaintza-eibar-2\\\/\"},\"wordCount\":69,\"image\":{\"@id\":\"https:\\\/\\\/ehme.eu\\\/lan-eskaintza-eibar-2\\\/#primaryimage\"},\"thumbnailUrl\":\"https:\\\/\\\/ehme.eu\\\/wp-content\\\/uploads\\\/2014\\\/10\\\/eibar.gif\",\"articleSection\":[\"Oferta de trabajo\"],\"inLanguage\":\"es\"},{\"@type\":\"WebPage\",\"@id\":\"https:\\\/\\\/ehme.eu\\\/lan-eskaintza-eibar-2\\\/\",\"url\":\"https:\\\/\\\/ehme.eu\\\/lan-eskaintza-eibar-2\\\/\",\"name\":\"OFERTA DE TRABAJO - EIBAR - EHME\",\"isPartOf\":{\"@id\":\"https:\\\/\\\/ehme.eu\\\/#website\"},\"primaryImageOfPage\":{\"@id\":\"https:\\\/\\\/ehme.eu\\\/lan-eskaintza-eibar-2\\\/#primaryimage\"},\"image\":{\"@id\":\"https:\\\/\\\/ehme.eu\\\/lan-eskaintza-eibar-2\\\/#primaryimage\"},\"thumbnailUrl\":\"https:\\\/\\\/ehme.eu\\\/wp-content\\\/uploads\\\/2014\\\/10\\\/eibar.gif\",\"datePublished\":\"2023-03-27T10:24:50+00:00\",\"author\":{\"@id\":\"https:\\\/\\\/ehme.eu\\\/#\\\/schema\\\/person\\\/c3c1df3a62236ae6a6ac35940724673f\"},\"breadcrumb\":{\"@id\":\"https:\\\/\\\/ehme.eu\\\/lan-eskaintza-eibar-2\\\/#breadcrumb\"},\"inLanguage\":\"es\",\"potentialAction\":[{\"@type\":\"ReadAction\",\"target\":[\"https:\\\/\\\/ehme.eu\\\/lan-eskaintza-eibar-2\\\/\"]}]},{\"@type\":\"ImageObject\",\"inLanguage\":\"es\",\"@id\":\"https:\\\/\\\/ehme.eu\\\/lan-eskaintza-eibar-2\\\/#primaryimage\",\"url\":\"https:\\\/\\\/ehme.eu\\\/wp-content\\\/uploads\\\/2014\\\/10\\\/eibar.gif\",\"contentUrl\":\"https:\\\/\\\/ehme.eu\\\/wp-content\\\/uploads\\\/2014\\\/10\\\/eibar.gif\",\"width\":138,\"height\":28},{\"@type\":\"BreadcrumbList\",\"@id\":\"https:\\\/\\\/ehme.eu\\\/lan-eskaintza-eibar-2\\\/#breadcrumb\",\"itemListElement\":[{\"@type\":\"ListItem\",\"position\":1,\"name\":\"Portada\",\"item\":\"https:\\\/\\\/ehme.eu\\\/es\\\/\"},{\"@type\":\"ListItem\",\"position\":2,\"name\":\"OFERTA DE TRABAJO &#8211; EIBAR\"}]},{\"@type\":\"WebSite\",\"@id\":\"https:\\\/\\\/ehme.eu\\\/#website\",\"url\":\"https:\\\/\\\/ehme.eu\\\/\",\"name\":\"EHME\",\"description\":\"Asociaci\u00f3n de Escuelas de M\u00fasica y Danza del Pa\u00eds Vasco\",\"potentialAction\":[{\"@type\":\"SearchAction\",\"target\":{\"@type\":\"EntryPoint\",\"urlTemplate\":\"https:\\\/\\\/ehme.eu\\\/?s={search_term_string}\"},\"query-input\":{\"@type\":\"PropertyValueSpecification\",\"valueRequired\":true,\"valueName\":\"search_term_string\"}}],\"inLanguage\":\"es\"},{\"@type\":\"Person\",\"@id\":\"https:\\\/\\\/ehme.eu\\\/#\\\/schema\\\/person\\\/c3c1df3a62236ae6a6ac35940724673f\",\"name\":\"ehme_adm\",\"image\":{\"@type\":\"ImageObject\",\"inLanguage\":\"es\",\"@id\":\"https:\\\/\\\/secure.gravatar.com\\\/avatar\\\/96ee52075299345544bd8a4cfa0e980cf23d506270bf1080483417c5f548a9dc?s=96&d=mm&r=g\",\"url\":\"https:\\\/\\\/secure.gravatar.com\\\/avatar\\\/96ee52075299345544bd8a4cfa0e980cf23d506270bf1080483417c5f548a9dc?s=96&d=mm&r=g\",\"contentUrl\":\"https:\\\/\\\/secure.gravatar.com\\\/avatar\\\/96ee52075299345544bd8a4cfa0e980cf23d506270bf1080483417c5f548a9dc?s=96&d=mm&r=g\",\"caption\":\"ehme_adm\"}}]}<\/script>\n<!-- \/ Yoast SEO plugin. -->","yoast_head_json":{"title":"OFERTA DE TRABAJO - EIBAR - EHME","robots":{"index":"index","follow":"follow","max-snippet":"max-snippet:-1","max-image-preview":"max-image-preview:large","max-video-preview":"max-video-preview:-1"},"canonical":"https:\/\/ehme.eu\/lan-eskaintza-eibar-2\/","og_locale":"es_ES","og_type":"article","og_title":"OFERTA DE TRABAJO - EIBAR - EHME","og_description":"La Escuela de M\u00fasica Municipal de Eibar\u00a0 Juan Bautista Gisasola, necesita porfesor\/a de guitarra el\u00e9ctrica y combo, para realizar una sustituci\u00f3n del 28 de marzo al 23 de junio. El horario es: &#8211; Martes: 16:00h a 21:30h &#8211; Mi\u00e9rcoles: 15:00h a 21:00h &#8211; Jueves: 15:00h a 21:00h Las personas interesadas ponerse en contacto a trav\u00e9s [&hellip;]","og_url":"https:\/\/ehme.eu\/lan-eskaintza-eibar-2\/","og_site_name":"EHME","article_published_time":"2023-03-27T10:24:50+00:00","og_image":[{"width":138,"height":28,"url":"https:\/\/ehme.eu\/wp-content\/uploads\/2014\/10\/eibar.gif","type":"image\/gif"}],"author":"ehme_adm","twitter_card":"summary_large_image","twitter_misc":{"Escrito por":"ehme_adm","Tiempo de lectura":"1 minuto"},"schema":{"@context":"https:\/\/schema.org","@graph":[{"@type":"Article","@id":"https:\/\/ehme.eu\/lan-eskaintza-eibar-2\/#article","isPartOf":{"@id":"https:\/\/ehme.eu\/lan-eskaintza-eibar-2\/"},"author":{"name":"ehme_adm","@id":"https:\/\/ehme.eu\/#\/schema\/person\/c3c1df3a62236ae6a6ac35940724673f"},"headline":"OFERTA DE TRABAJO &#8211; EIBAR","datePublished":"2023-03-27T10:24:50+00:00","mainEntityOfPage":{"@id":"https:\/\/ehme.eu\/lan-eskaintza-eibar-2\/"},"wordCount":69,"image":{"@id":"https:\/\/ehme.eu\/lan-eskaintza-eibar-2\/#primaryimage"},"thumbnailUrl":"https:\/\/ehme.eu\/wp-content\/uploads\/2014\/10\/eibar.gif","articleSection":["Oferta de trabajo"],"inLanguage":"es"},{"@type":"WebPage","@id":"https:\/\/ehme.eu\/lan-eskaintza-eibar-2\/","url":"https:\/\/ehme.eu\/lan-eskaintza-eibar-2\/","name":"OFERTA DE TRABAJO - EIBAR - EHME","isPartOf":{"@id":"https:\/\/ehme.eu\/#website"},"primaryImageOfPage":{"@id":"https:\/\/ehme.eu\/lan-eskaintza-eibar-2\/#primaryimage"},"image":{"@id":"https:\/\/ehme.eu\/lan-eskaintza-eibar-2\/#primaryimage"},"thumbnailUrl":"https:\/\/ehme.eu\/wp-content\/uploads\/2014\/10\/eibar.gif","datePublished":"2023-03-27T10:24:50+00:00","author":{"@id":"https:\/\/ehme.eu\/#\/schema\/person\/c3c1df3a62236ae6a6ac35940724673f"},"breadcrumb":{"@id":"https:\/\/ehme.eu\/lan-eskaintza-eibar-2\/#breadcrumb"},"inLanguage":"es","potentialAction":[{"@type":"ReadAction","target":["https:\/\/ehme.eu\/lan-eskaintza-eibar-2\/"]}]},{"@type":"ImageObject","inLanguage":"es","@id":"https:\/\/ehme.eu\/lan-eskaintza-eibar-2\/#primaryimage","url":"https:\/\/ehme.eu\/wp-content\/uploads\/2014\/10\/eibar.gif","contentUrl":"https:\/\/ehme.eu\/wp-content\/uploads\/2014\/10\/eibar.gif","width":138,"height":28},{"@type":"BreadcrumbList","@id":"https:\/\/ehme.eu\/lan-eskaintza-eibar-2\/#breadcrumb","itemListElement":[{"@type":"ListItem","position":1,"name":"Portada","item":"https:\/\/ehme.eu\/es\/"},{"@type":"ListItem","position":2,"name":"OFERTA DE TRABAJO &#8211; EIBAR"}]},{"@type":"WebSite","@id":"https:\/\/ehme.eu\/#website","url":"https:\/\/ehme.eu\/","name":"EHME","description":"Asociaci\u00f3n de Escuelas de M\u00fasica y Danza del Pa\u00eds Vasco","potentialAction":[{"@type":"SearchAction","target":{"@type":"EntryPoint","urlTemplate":"https:\/\/ehme.eu\/?s={search_term_string}"},"query-input":{"@type":"PropertyValueSpecification","valueRequired":true,"valueName":"search_term_string"}}],"inLanguage":"es"},{"@type":"Person","@id":"https:\/\/ehme.eu\/#\/schema\/person\/c3c1df3a62236ae6a6ac35940724673f","name":"ehme_adm","image":{"@type":"ImageObject","inLanguage":"es","@id":"https:\/\/secure.gravatar.com\/avatar\/96ee52075299345544bd8a4cfa0e980cf23d506270bf1080483417c5f548a9dc?s=96&d=mm&r=g","url":"https:\/\/secure.gravatar.com\/avatar\/96ee52075299345544bd8a4cfa0e980cf23d506270bf1080483417c5f548a9dc?s=96&d=mm&r=g","contentUrl":"https:\/\/secure.gravatar.com\/avatar\/96ee52075299345544bd8a4cfa0e980cf23d506270bf1080483417c5f548a9dc?s=96&d=mm&r=g","caption":"ehme_adm"}}]}},"_links":{"self":[{"href":"https:\/\/ehme.eu\/es\/wp-json\/wp\/v2\/posts\/139278","targetHints":{"allow":["GET"]}}],"collection":[{"href":"https:\/\/ehme.eu\/es\/wp-json\/wp\/v2\/posts"}],"about":[{"href":"https:\/\/ehme.eu\/es\/wp-json\/wp\/v2\/types\/post"}],"author":[{"embeddable":true,"href":"https:\/\/ehme.eu\/es\/wp-json\/wp\/v2\/users\/9"}],"replies":[{"embeddable":true,"href":"https:\/\/ehme.eu\/es\/wp-json\/wp\/v2\/comments?post=139278"}],"version-history":[{"count":0,"href":"https:\/\/ehme.eu\/es\/wp-json\/wp\/v2\/posts\/139278\/revisions"}],"wp:featuredmedia":[{"embeddable":true,"href":"https:\/\/ehme.eu\/es\/wp-json\/wp\/v2\/media\/137991"}],"wp:attachment":[{"href":"https:\/\/ehme.eu\/es\/wp-json\/wp\/v2\/media?parent=139278"}],"wp:term":[{"taxonomy":"category","embeddable":true,"href":"https:\/\/ehme.eu\/es\/wp-json\/wp\/v2\/categories?post=139278"},{"taxonomy":"post_tag","embeddable":true,"href":"https:\/\/ehme.eu\/es\/wp-json\/wp\/v2\/tags?post=139278"}],"curies":[{"name":"wp","href":"https:\/\/api.w.org\/{rel}","templated":true}]}}