{"id":139759,"date":"2024-12-18T10:26:52","date_gmt":"2024-12-18T10:26:52","guid":{"rendered":"https:\/\/ehme.eu\/?p=139759"},"modified":"2025-03-12T16:36:40","modified_gmt":"2025-03-12T16:36:40","slug":"plan-de-formacion-2024-25","status":"publish","type":"post","link":"https:\/\/ehme.eu\/es\/plan-de-formacion-2024-25\/","title":{"rendered":"PLAN DE FORMACI\u00d3N 2024-25"},"content":{"rendered":"<p><strong><b>1.- <\/b><\/strong><strong><b>INNOVAR PARA INCLUIR: abriendo las puertas de las escuelas de m\u00fasica a nuestros mayores<\/b><\/strong><\/p>\n<p>Impartidor:\u00a0Nerea Goikoetxea<br \/>\nLugar:\u00a0Donostiako Udal Musika eta Dantza Eskola<br \/>\nFecha: 23 y 30 de enero y 6, 13, 20 y 27 de febrero. Clases pr\u00e1cticas 14 y 21 de febrero.<br \/>\nDuraci\u00f3n:\u00a018 horas (de 9:00h a 12:00h) + pr\u00e1cticas 3,5 horas (de 10:45 a 12:30).<br \/>\nIdioma:\u00a0euskera<br \/>\nMatr\u00edcula: asociados 40\u20ac\u00a0\/ no asociados 100\u20ac<\/p>\n<p><strong>Dirigido a:<\/strong><\/p>\n<ul>\n<li>Profesorado de Escuelas de M\u00fasica y Danza asociadas<\/li>\n<li>Resto de profesorado, \u00fanicamente si hay plazas<\/li>\n<\/ul>\n<p><strong><b>2.- EDUCACI\u00d3N MUSICAL TEMPRANA<\/b><\/strong><\/p>\n<p>Impartidor: Beatriz Garc\u00eda<br \/>\nLugar:\u00a0Bilbaomusika<br \/>\nFecha:\u00a024, y 31 de enero y 7, 14 y 21 de febrero<br \/>\nDuraci\u00f3n:\u00a020 horas (de 9:30h a 13:30h)<br \/>\nIdioma:\u00a0euskera<br \/>\nMatr\u00edcula: asociados 40\u20ac \/ \u00a0no asociados: 100\u20ac<\/p>\n<p><strong>Dirigido a:<\/strong><\/p>\n<ul>\n<li>Profesorado de Escuelas de M\u00fasica y Danza asociadas<\/li>\n<li>Resto de profesorado, \u00fanicamente si hay plazas<strong><b>\u00a0<\/b><\/strong><\/li>\n<\/ul>\n<p><strong><b>3<\/b><\/strong><strong><b>.-<\/b><\/strong><strong><b>\u00a0ABUSOS SEXUALES<\/b><\/strong><\/p>\n<p>Impartidores:\u00a0Raquel Pereda (trabajadora social) Ander Fern\u00e1ndez\u00a0(docente y especialista en formaci\u00f3n del abuso sexual infantil en sensibilizaci\u00f3n, detecci\u00f3n y prevenci\u00f3n.<br \/>\nLugar:\u00a0On-line<br \/>\nFechas:\u00a010, 12, 17 y 19 de febrero<br \/>\nDuraci\u00f3n:\u00a012 horas (de 9:00h a 12:00h)<br \/>\nIdioma:\u00a0castellano<br \/>\nMatr\u00edcula: asociados 25\u20ac \/ no asociados: 50\u20ac<\/p>\n<p><strong>Dirigido a:<\/strong><\/p>\n<ul>\n<li>Profesorado de Escuelas de M\u00fasicay Danza\u00a0asociadas<\/li>\n<li>Resto de profesorado, \u00fanicamente si hay plazas<\/li>\n<\/ul>\n<p><strong><b>4<\/b><\/strong><strong><b>.-<\/b><\/strong><strong><b>INICIACI\u00d3N A LA PRODUCCI\u00d3N MUSICAL<\/b><\/strong><\/p>\n<p>Impartidor:\u00a0Flavio B\u00e1nterla<br \/>\nLugar:\u00a0Donostiako Udal Musika eta Dantza Eskola<br \/>\nFecha: 13, 20 y 27 de marzo y 3 de abril<br \/>\nDuraci\u00f3n:\u00a012 horas (de 9:30h a 12:30h).<br \/>\nIdioma:\u00a0erdera<br \/>\nMatr\u00edcula: asociados 25\u20ac\u00a0\/ no asociados 50\u20ac<\/p>\n<p><strong>Dirigido a:<\/strong><\/p>\n<ul>\n<li>Profesorado de Escuelas de M\u00fasica y Danza asociadas<\/li>\n<li>Resto de profesorado, \u00fanicamente si hay plazas<\/li>\n<\/ul>\n<p>&nbsp;<\/p>\n<p><a href=\"https:\/\/ehme.eu\/wp-content\/uploads\/2024\/12\/1cas-Formacion-2024-25-1.pdf\">TODA LA INFORMACI\u00d3N<\/a>\u00a0\u00a0 \u00a0 \u00a0 \u00a0 \u00a0 \u00a0 \u00a0 \u00a0 \u00a0 \u00a0 \u00a0 \u00a0 \u00a0 \u00a0 \u00a0 \u00a0 \u00a0 \u00a0 \u00a0 \u00a0 \u00a0 \u00a0 INSCRIPCI\u00d3N<\/p>\n","protected":false},"excerpt":{"rendered":"<p>1.- INNOVAR PARA INCLUIR: abriendo las puertas de las escuelas de m\u00fasica a nuestros mayores Impartidor:\u00a0Nerea Goikoetxea Lugar:\u00a0Donostiako Udal Musika eta Dantza Eskola Fecha: 23 y 30 de enero y 6, 13, 20 y 27 de febrero. Clases pr\u00e1cticas 14 y 21 de febrero. Duraci\u00f3n:\u00a018 horas (de 9:00h a 12:00h) + pr\u00e1cticas 3,5 horas (de [&hellip;]<\/p>\n","protected":false},"author":9,"featured_media":139193,"comment_status":"closed","ping_status":"closed","sticky":false,"template":"","format":"standard","meta":{"footnotes":""},"categories":[1,540],"tags":[],"class_list":["post-139759","post","type-post","status-publish","format-standard","has-post-thumbnail","hentry","category-general","category-noticias"],"yoast_head":"<!-- This site is optimized with the Yoast SEO plugin v27.5 - https:\/\/yoast.com\/product\/yoast-seo-wordpress\/ -->\n<title>PLAN DE FORMACI\u00d3N 2024-25 - EHME<\/title>\n<meta name=\"robots\" content=\"index, follow, max-snippet:-1, max-image-preview:large, max-video-preview:-1\" \/>\n<link rel=\"canonical\" href=\"https:\/\/ehme.eu\/es\/plan-de-formacion-2024-25\/\" \/>\n<meta property=\"og:locale\" content=\"es_ES\" \/>\n<meta property=\"og:type\" content=\"article\" \/>\n<meta property=\"og:title\" content=\"PLAN DE FORMACI\u00d3N 2024-25 - EHME\" \/>\n<meta property=\"og:description\" content=\"1.- INNOVAR PARA INCLUIR: abriendo las puertas de las escuelas de m\u00fasica a nuestros mayores Impartidor:\u00a0Nerea Goikoetxea Lugar:\u00a0Donostiako Udal Musika eta Dantza Eskola Fecha: 23 y 30 de enero y 6, 13, 20 y 27 de febrero. Clases pr\u00e1cticas 14 y 21 de febrero. Duraci\u00f3n:\u00a018 horas (de 9:00h a 12:00h) + pr\u00e1cticas 3,5 horas (de [&hellip;]\" \/>\n<meta property=\"og:url\" content=\"https:\/\/ehme.eu\/es\/plan-de-formacion-2024-25\/\" \/>\n<meta property=\"og:site_name\" content=\"EHME\" \/>\n<meta property=\"article:published_time\" content=\"2024-12-18T10:26:52+00:00\" \/>\n<meta property=\"article:modified_time\" content=\"2025-03-12T16:36:40+00:00\" \/>\n<meta property=\"og:image\" content=\"https:\/\/ehme.eu\/wp-content\/uploads\/2022\/10\/slider-PF.jpg\" \/>\n\t<meta property=\"og:image:width\" content=\"1170\" \/>\n\t<meta property=\"og:image:height\" content=\"781\" \/>\n\t<meta property=\"og:image:type\" content=\"image\/jpeg\" \/>\n<meta name=\"author\" content=\"ehme_adm\" \/>\n<meta name=\"twitter:card\" content=\"summary_large_image\" \/>\n<meta name=\"twitter:label1\" content=\"Escrito por\" \/>\n\t<meta name=\"twitter:data1\" content=\"ehme_adm\" \/>\n\t<meta name=\"twitter:label2\" content=\"Tiempo de lectura\" \/>\n\t<meta name=\"twitter:data2\" content=\"2 minutos\" \/>\n<script type=\"application\/ld+json\" class=\"yoast-schema-graph\">{\"@context\":\"https:\\\/\\\/schema.org\",\"@graph\":[{\"@type\":\"Article\",\"@id\":\"https:\\\/\\\/ehme.eu\\\/es\\\/plan-de-formacion-2024-25\\\/#article\",\"isPartOf\":{\"@id\":\"https:\\\/\\\/ehme.eu\\\/es\\\/plan-de-formacion-2024-25\\\/\"},\"author\":{\"name\":\"ehme_adm\",\"@id\":\"https:\\\/\\\/ehme.eu\\\/#\\\/schema\\\/person\\\/c3c1df3a62236ae6a6ac35940724673f\"},\"headline\":\"PLAN DE FORMACI\u00d3N 2024-25\",\"datePublished\":\"2024-12-18T10:26:52+00:00\",\"dateModified\":\"2025-03-12T16:36:40+00:00\",\"mainEntityOfPage\":{\"@id\":\"https:\\\/\\\/ehme.eu\\\/es\\\/plan-de-formacion-2024-25\\\/\"},\"wordCount\":264,\"image\":{\"@id\":\"https:\\\/\\\/ehme.eu\\\/es\\\/plan-de-formacion-2024-25\\\/#primaryimage\"},\"thumbnailUrl\":\"https:\\\/\\\/ehme.eu\\\/wp-content\\\/uploads\\\/2022\\\/10\\\/slider-PF.jpg\",\"articleSection\":[\"General\",\"Noticias\"],\"inLanguage\":\"es\"},{\"@type\":\"WebPage\",\"@id\":\"https:\\\/\\\/ehme.eu\\\/es\\\/plan-de-formacion-2024-25\\\/\",\"url\":\"https:\\\/\\\/ehme.eu\\\/es\\\/plan-de-formacion-2024-25\\\/\",\"name\":\"PLAN DE FORMACI\u00d3N 2024-25 - EHME\",\"isPartOf\":{\"@id\":\"https:\\\/\\\/ehme.eu\\\/#website\"},\"primaryImageOfPage\":{\"@id\":\"https:\\\/\\\/ehme.eu\\\/es\\\/plan-de-formacion-2024-25\\\/#primaryimage\"},\"image\":{\"@id\":\"https:\\\/\\\/ehme.eu\\\/es\\\/plan-de-formacion-2024-25\\\/#primaryimage\"},\"thumbnailUrl\":\"https:\\\/\\\/ehme.eu\\\/wp-content\\\/uploads\\\/2022\\\/10\\\/slider-PF.jpg\",\"datePublished\":\"2024-12-18T10:26:52+00:00\",\"dateModified\":\"2025-03-12T16:36:40+00:00\",\"author\":{\"@id\":\"https:\\\/\\\/ehme.eu\\\/#\\\/schema\\\/person\\\/c3c1df3a62236ae6a6ac35940724673f\"},\"breadcrumb\":{\"@id\":\"https:\\\/\\\/ehme.eu\\\/es\\\/plan-de-formacion-2024-25\\\/#breadcrumb\"},\"inLanguage\":\"es\",\"potentialAction\":[{\"@type\":\"ReadAction\",\"target\":[\"https:\\\/\\\/ehme.eu\\\/es\\\/plan-de-formacion-2024-25\\\/\"]}]},{\"@type\":\"ImageObject\",\"inLanguage\":\"es\",\"@id\":\"https:\\\/\\\/ehme.eu\\\/es\\\/plan-de-formacion-2024-25\\\/#primaryimage\",\"url\":\"https:\\\/\\\/ehme.eu\\\/wp-content\\\/uploads\\\/2022\\\/10\\\/slider-PF.jpg\",\"contentUrl\":\"https:\\\/\\\/ehme.eu\\\/wp-content\\\/uploads\\\/2022\\\/10\\\/slider-PF.jpg\",\"width\":1170,\"height\":781},{\"@type\":\"BreadcrumbList\",\"@id\":\"https:\\\/\\\/ehme.eu\\\/es\\\/plan-de-formacion-2024-25\\\/#breadcrumb\",\"itemListElement\":[{\"@type\":\"ListItem\",\"position\":1,\"name\":\"Portada\",\"item\":\"https:\\\/\\\/ehme.eu\\\/es\\\/\"},{\"@type\":\"ListItem\",\"position\":2,\"name\":\"PLAN DE FORMACI\u00d3N 2024-25\"}]},{\"@type\":\"WebSite\",\"@id\":\"https:\\\/\\\/ehme.eu\\\/#website\",\"url\":\"https:\\\/\\\/ehme.eu\\\/\",\"name\":\"EHME\",\"description\":\"Asociaci\u00f3n de Escuelas de M\u00fasica y Danza del Pa\u00eds Vasco\",\"potentialAction\":[{\"@type\":\"SearchAction\",\"target\":{\"@type\":\"EntryPoint\",\"urlTemplate\":\"https:\\\/\\\/ehme.eu\\\/?s={search_term_string}\"},\"query-input\":{\"@type\":\"PropertyValueSpecification\",\"valueRequired\":true,\"valueName\":\"search_term_string\"}}],\"inLanguage\":\"es\"},{\"@type\":\"Person\",\"@id\":\"https:\\\/\\\/ehme.eu\\\/#\\\/schema\\\/person\\\/c3c1df3a62236ae6a6ac35940724673f\",\"name\":\"ehme_adm\",\"image\":{\"@type\":\"ImageObject\",\"inLanguage\":\"es\",\"@id\":\"https:\\\/\\\/secure.gravatar.com\\\/avatar\\\/96ee52075299345544bd8a4cfa0e980cf23d506270bf1080483417c5f548a9dc?s=96&d=mm&r=g\",\"url\":\"https:\\\/\\\/secure.gravatar.com\\\/avatar\\\/96ee52075299345544bd8a4cfa0e980cf23d506270bf1080483417c5f548a9dc?s=96&d=mm&r=g\",\"contentUrl\":\"https:\\\/\\\/secure.gravatar.com\\\/avatar\\\/96ee52075299345544bd8a4cfa0e980cf23d506270bf1080483417c5f548a9dc?s=96&d=mm&r=g\",\"caption\":\"ehme_adm\"}}]}<\/script>\n<!-- \/ Yoast SEO plugin. -->","yoast_head_json":{"title":"PLAN DE FORMACI\u00d3N 2024-25 - EHME","robots":{"index":"index","follow":"follow","max-snippet":"max-snippet:-1","max-image-preview":"max-image-preview:large","max-video-preview":"max-video-preview:-1"},"canonical":"https:\/\/ehme.eu\/es\/plan-de-formacion-2024-25\/","og_locale":"es_ES","og_type":"article","og_title":"PLAN DE FORMACI\u00d3N 2024-25 - EHME","og_description":"1.- INNOVAR PARA INCLUIR: abriendo las puertas de las escuelas de m\u00fasica a nuestros mayores Impartidor:\u00a0Nerea Goikoetxea Lugar:\u00a0Donostiako Udal Musika eta Dantza Eskola Fecha: 23 y 30 de enero y 6, 13, 20 y 27 de febrero. Clases pr\u00e1cticas 14 y 21 de febrero. Duraci\u00f3n:\u00a018 horas (de 9:00h a 12:00h) + pr\u00e1cticas 3,5 horas (de [&hellip;]","og_url":"https:\/\/ehme.eu\/es\/plan-de-formacion-2024-25\/","og_site_name":"EHME","article_published_time":"2024-12-18T10:26:52+00:00","article_modified_time":"2025-03-12T16:36:40+00:00","og_image":[{"width":1170,"height":781,"url":"https:\/\/ehme.eu\/wp-content\/uploads\/2022\/10\/slider-PF.jpg","type":"image\/jpeg"}],"author":"ehme_adm","twitter_card":"summary_large_image","twitter_misc":{"Escrito por":"ehme_adm","Tiempo de lectura":"2 minutos"},"schema":{"@context":"https:\/\/schema.org","@graph":[{"@type":"Article","@id":"https:\/\/ehme.eu\/es\/plan-de-formacion-2024-25\/#article","isPartOf":{"@id":"https:\/\/ehme.eu\/es\/plan-de-formacion-2024-25\/"},"author":{"name":"ehme_adm","@id":"https:\/\/ehme.eu\/#\/schema\/person\/c3c1df3a62236ae6a6ac35940724673f"},"headline":"PLAN DE FORMACI\u00d3N 2024-25","datePublished":"2024-12-18T10:26:52+00:00","dateModified":"2025-03-12T16:36:40+00:00","mainEntityOfPage":{"@id":"https:\/\/ehme.eu\/es\/plan-de-formacion-2024-25\/"},"wordCount":264,"image":{"@id":"https:\/\/ehme.eu\/es\/plan-de-formacion-2024-25\/#primaryimage"},"thumbnailUrl":"https:\/\/ehme.eu\/wp-content\/uploads\/2022\/10\/slider-PF.jpg","articleSection":["General","Noticias"],"inLanguage":"es"},{"@type":"WebPage","@id":"https:\/\/ehme.eu\/es\/plan-de-formacion-2024-25\/","url":"https:\/\/ehme.eu\/es\/plan-de-formacion-2024-25\/","name":"PLAN DE FORMACI\u00d3N 2024-25 - EHME","isPartOf":{"@id":"https:\/\/ehme.eu\/#website"},"primaryImageOfPage":{"@id":"https:\/\/ehme.eu\/es\/plan-de-formacion-2024-25\/#primaryimage"},"image":{"@id":"https:\/\/ehme.eu\/es\/plan-de-formacion-2024-25\/#primaryimage"},"thumbnailUrl":"https:\/\/ehme.eu\/wp-content\/uploads\/2022\/10\/slider-PF.jpg","datePublished":"2024-12-18T10:26:52+00:00","dateModified":"2025-03-12T16:36:40+00:00","author":{"@id":"https:\/\/ehme.eu\/#\/schema\/person\/c3c1df3a62236ae6a6ac35940724673f"},"breadcrumb":{"@id":"https:\/\/ehme.eu\/es\/plan-de-formacion-2024-25\/#breadcrumb"},"inLanguage":"es","potentialAction":[{"@type":"ReadAction","target":["https:\/\/ehme.eu\/es\/plan-de-formacion-2024-25\/"]}]},{"@type":"ImageObject","inLanguage":"es","@id":"https:\/\/ehme.eu\/es\/plan-de-formacion-2024-25\/#primaryimage","url":"https:\/\/ehme.eu\/wp-content\/uploads\/2022\/10\/slider-PF.jpg","contentUrl":"https:\/\/ehme.eu\/wp-content\/uploads\/2022\/10\/slider-PF.jpg","width":1170,"height":781},{"@type":"BreadcrumbList","@id":"https:\/\/ehme.eu\/es\/plan-de-formacion-2024-25\/#breadcrumb","itemListElement":[{"@type":"ListItem","position":1,"name":"Portada","item":"https:\/\/ehme.eu\/es\/"},{"@type":"ListItem","position":2,"name":"PLAN DE FORMACI\u00d3N 2024-25"}]},{"@type":"WebSite","@id":"https:\/\/ehme.eu\/#website","url":"https:\/\/ehme.eu\/","name":"EHME","description":"Asociaci\u00f3n de Escuelas de M\u00fasica y Danza del Pa\u00eds Vasco","potentialAction":[{"@type":"SearchAction","target":{"@type":"EntryPoint","urlTemplate":"https:\/\/ehme.eu\/?s={search_term_string}"},"query-input":{"@type":"PropertyValueSpecification","valueRequired":true,"valueName":"search_term_string"}}],"inLanguage":"es"},{"@type":"Person","@id":"https:\/\/ehme.eu\/#\/schema\/person\/c3c1df3a62236ae6a6ac35940724673f","name":"ehme_adm","image":{"@type":"ImageObject","inLanguage":"es","@id":"https:\/\/secure.gravatar.com\/avatar\/96ee52075299345544bd8a4cfa0e980cf23d506270bf1080483417c5f548a9dc?s=96&d=mm&r=g","url":"https:\/\/secure.gravatar.com\/avatar\/96ee52075299345544bd8a4cfa0e980cf23d506270bf1080483417c5f548a9dc?s=96&d=mm&r=g","contentUrl":"https:\/\/secure.gravatar.com\/avatar\/96ee52075299345544bd8a4cfa0e980cf23d506270bf1080483417c5f548a9dc?s=96&d=mm&r=g","caption":"ehme_adm"}}]}},"_links":{"self":[{"href":"https:\/\/ehme.eu\/es\/wp-json\/wp\/v2\/posts\/139759","targetHints":{"allow":["GET"]}}],"collection":[{"href":"https:\/\/ehme.eu\/es\/wp-json\/wp\/v2\/posts"}],"about":[{"href":"https:\/\/ehme.eu\/es\/wp-json\/wp\/v2\/types\/post"}],"author":[{"embeddable":true,"href":"https:\/\/ehme.eu\/es\/wp-json\/wp\/v2\/users\/9"}],"replies":[{"embeddable":true,"href":"https:\/\/ehme.eu\/es\/wp-json\/wp\/v2\/comments?post=139759"}],"version-history":[{"count":0,"href":"https:\/\/ehme.eu\/es\/wp-json\/wp\/v2\/posts\/139759\/revisions"}],"wp:featuredmedia":[{"embeddable":true,"href":"https:\/\/ehme.eu\/es\/wp-json\/wp\/v2\/media\/139193"}],"wp:attachment":[{"href":"https:\/\/ehme.eu\/es\/wp-json\/wp\/v2\/media?parent=139759"}],"wp:term":[{"taxonomy":"category","embeddable":true,"href":"https:\/\/ehme.eu\/es\/wp-json\/wp\/v2\/categories?post=139759"},{"taxonomy":"post_tag","embeddable":true,"href":"https:\/\/ehme.eu\/es\/wp-json\/wp\/v2\/tags?post=139759"}],"curies":[{"name":"wp","href":"https:\/\/api.w.org\/{rel}","templated":true}]}}