{"id":139978,"date":"2025-10-28T13:40:03","date_gmt":"2025-10-28T13:40:03","guid":{"rendered":"https:\/\/ehme.eu\/?p=139978"},"modified":"2025-10-28T13:58:17","modified_gmt":"2025-10-28T13:58:17","slug":"musikalean-2025","status":"publish","type":"post","link":"https:\/\/ehme.eu\/es\/musikalean-2025\/","title":{"rendered":"MUSIKALEAN 2025"},"content":{"rendered":"<p>Con motivo de Santa Cecilia, patrona de los m\u00fasicos, Euskal Herriko Musika Eskolen Elkartea por decimos\u00e9ptimo a\u00f1o consecutivo, pone en marcha \u00a0MUSIKALEAN, actividad en la que participar\u00e1n 51 Escuelas de M\u00fasica y Danza asociadas a EHME. As\u00ed, desde el pr\u00f3ximo <u>\u00a017\u00a0 hasta el 23<\/u><u>\u00a0de noviembre<\/u>,\u00a0<u>mas de 27<\/u><u>00 alumnos y profesores<\/u> de estos centros sacar\u00e1n la m\u00fasica a la calle, en un ambiente festivo inundando las calles de m\u00fasica y camisetas verdes.<\/p>\n<p>Queremos aprovechar esta ocasi\u00f3n para apoyar a las compositoras vascas, y es por esto, que desde la asociaci\u00f3n se ha facilitado una obra realziada por Marijose Arregi Etxeberria,\u00a0 y de paso\u00a0 apoyar tambi\u00e9n a nuestro idioma ya que es en euskera.<\/p>\n","protected":false},"excerpt":{"rendered":"<p>Con motivo de Santa Cecilia, patrona de los m\u00fasicos, Euskal Herriko Musika Eskolen Elkartea por decimos\u00e9ptimo a\u00f1o consecutivo, pone en marcha \u00a0MUSIKALEAN, actividad en la que participar\u00e1n 51 Escuelas de M\u00fasica y Danza asociadas a EHME. As\u00ed, desde el pr\u00f3ximo \u00a017\u00a0 hasta el 23\u00a0de noviembre,\u00a0mas de 2700 alumnos y profesores de estos centros sacar\u00e1n la [&hellip;]<\/p>\n","protected":false},"author":9,"featured_media":139979,"comment_status":"closed","ping_status":"closed","sticky":false,"template":"","format":"standard","meta":{"footnotes":""},"categories":[1,540],"tags":[],"class_list":["post-139978","post","type-post","status-publish","format-standard","has-post-thumbnail","hentry","category-general","category-noticias"],"yoast_head":"<!-- This site is optimized with the Yoast SEO plugin v27.4 - https:\/\/yoast.com\/product\/yoast-seo-wordpress\/ -->\n<title>MUSIKALEAN 2025 - EHME<\/title>\n<meta name=\"robots\" content=\"index, follow, max-snippet:-1, max-image-preview:large, max-video-preview:-1\" \/>\n<link rel=\"canonical\" href=\"https:\/\/ehme.eu\/es\/musikalean-2025\/\" \/>\n<meta property=\"og:locale\" content=\"es_ES\" \/>\n<meta property=\"og:type\" content=\"article\" \/>\n<meta property=\"og:title\" content=\"MUSIKALEAN 2025 - EHME\" \/>\n<meta property=\"og:description\" content=\"Con motivo de Santa Cecilia, patrona de los m\u00fasicos, Euskal Herriko Musika Eskolen Elkartea por decimos\u00e9ptimo a\u00f1o consecutivo, pone en marcha \u00a0MUSIKALEAN, actividad en la que participar\u00e1n 51 Escuelas de M\u00fasica y Danza asociadas a EHME. As\u00ed, desde el pr\u00f3ximo \u00a017\u00a0 hasta el 23\u00a0de noviembre,\u00a0mas de 2700 alumnos y profesores de estos centros sacar\u00e1n la [&hellip;]\" \/>\n<meta property=\"og:url\" content=\"https:\/\/ehme.eu\/es\/musikalean-2025\/\" \/>\n<meta property=\"og:site_name\" content=\"EHME\" \/>\n<meta property=\"article:published_time\" content=\"2025-10-28T13:40:03+00:00\" \/>\n<meta property=\"article:modified_time\" content=\"2025-10-28T13:58:17+00:00\" \/>\n<meta property=\"og:image\" content=\"https:\/\/ehme.eu\/wp-content\/uploads\/2025\/10\/camiseta.png\" \/>\n\t<meta property=\"og:image:width\" content=\"683\" \/>\n\t<meta property=\"og:image:height\" content=\"643\" \/>\n\t<meta property=\"og:image:type\" content=\"image\/png\" \/>\n<meta name=\"author\" content=\"ehme_adm\" \/>\n<meta name=\"twitter:card\" content=\"summary_large_image\" \/>\n<meta name=\"twitter:label1\" content=\"Escrito por\" \/>\n\t<meta name=\"twitter:data1\" content=\"ehme_adm\" \/>\n\t<meta name=\"twitter:label2\" content=\"Tiempo de lectura\" \/>\n\t<meta name=\"twitter:data2\" content=\"1 minuto\" \/>\n<script type=\"application\/ld+json\" class=\"yoast-schema-graph\">{\"@context\":\"https:\\\/\\\/schema.org\",\"@graph\":[{\"@type\":\"Article\",\"@id\":\"https:\\\/\\\/ehme.eu\\\/es\\\/musikalean-2025\\\/#article\",\"isPartOf\":{\"@id\":\"https:\\\/\\\/ehme.eu\\\/es\\\/musikalean-2025\\\/\"},\"author\":{\"name\":\"ehme_adm\",\"@id\":\"https:\\\/\\\/ehme.eu\\\/#\\\/schema\\\/person\\\/c3c1df3a62236ae6a6ac35940724673f\"},\"headline\":\"MUSIKALEAN 2025\",\"datePublished\":\"2025-10-28T13:40:03+00:00\",\"dateModified\":\"2025-10-28T13:58:17+00:00\",\"mainEntityOfPage\":{\"@id\":\"https:\\\/\\\/ehme.eu\\\/es\\\/musikalean-2025\\\/\"},\"wordCount\":123,\"image\":{\"@id\":\"https:\\\/\\\/ehme.eu\\\/es\\\/musikalean-2025\\\/#primaryimage\"},\"thumbnailUrl\":\"https:\\\/\\\/ehme.eu\\\/wp-content\\\/uploads\\\/2025\\\/10\\\/camiseta.png\",\"articleSection\":[\"General\",\"Noticias\"],\"inLanguage\":\"es\"},{\"@type\":\"WebPage\",\"@id\":\"https:\\\/\\\/ehme.eu\\\/es\\\/musikalean-2025\\\/\",\"url\":\"https:\\\/\\\/ehme.eu\\\/es\\\/musikalean-2025\\\/\",\"name\":\"MUSIKALEAN 2025 - EHME\",\"isPartOf\":{\"@id\":\"https:\\\/\\\/ehme.eu\\\/#website\"},\"primaryImageOfPage\":{\"@id\":\"https:\\\/\\\/ehme.eu\\\/es\\\/musikalean-2025\\\/#primaryimage\"},\"image\":{\"@id\":\"https:\\\/\\\/ehme.eu\\\/es\\\/musikalean-2025\\\/#primaryimage\"},\"thumbnailUrl\":\"https:\\\/\\\/ehme.eu\\\/wp-content\\\/uploads\\\/2025\\\/10\\\/camiseta.png\",\"datePublished\":\"2025-10-28T13:40:03+00:00\",\"dateModified\":\"2025-10-28T13:58:17+00:00\",\"author\":{\"@id\":\"https:\\\/\\\/ehme.eu\\\/#\\\/schema\\\/person\\\/c3c1df3a62236ae6a6ac35940724673f\"},\"breadcrumb\":{\"@id\":\"https:\\\/\\\/ehme.eu\\\/es\\\/musikalean-2025\\\/#breadcrumb\"},\"inLanguage\":\"es\",\"potentialAction\":[{\"@type\":\"ReadAction\",\"target\":[\"https:\\\/\\\/ehme.eu\\\/es\\\/musikalean-2025\\\/\"]}]},{\"@type\":\"ImageObject\",\"inLanguage\":\"es\",\"@id\":\"https:\\\/\\\/ehme.eu\\\/es\\\/musikalean-2025\\\/#primaryimage\",\"url\":\"https:\\\/\\\/ehme.eu\\\/wp-content\\\/uploads\\\/2025\\\/10\\\/camiseta.png\",\"contentUrl\":\"https:\\\/\\\/ehme.eu\\\/wp-content\\\/uploads\\\/2025\\\/10\\\/camiseta.png\",\"width\":683,\"height\":643},{\"@type\":\"BreadcrumbList\",\"@id\":\"https:\\\/\\\/ehme.eu\\\/es\\\/musikalean-2025\\\/#breadcrumb\",\"itemListElement\":[{\"@type\":\"ListItem\",\"position\":1,\"name\":\"Portada\",\"item\":\"https:\\\/\\\/ehme.eu\\\/es\\\/\"},{\"@type\":\"ListItem\",\"position\":2,\"name\":\"MUSIKALEAN 2025\"}]},{\"@type\":\"WebSite\",\"@id\":\"https:\\\/\\\/ehme.eu\\\/#website\",\"url\":\"https:\\\/\\\/ehme.eu\\\/\",\"name\":\"EHME\",\"description\":\"Asociaci\u00f3n de Escuelas de M\u00fasica y Danza del Pa\u00eds Vasco\",\"potentialAction\":[{\"@type\":\"SearchAction\",\"target\":{\"@type\":\"EntryPoint\",\"urlTemplate\":\"https:\\\/\\\/ehme.eu\\\/?s={search_term_string}\"},\"query-input\":{\"@type\":\"PropertyValueSpecification\",\"valueRequired\":true,\"valueName\":\"search_term_string\"}}],\"inLanguage\":\"es\"},{\"@type\":\"Person\",\"@id\":\"https:\\\/\\\/ehme.eu\\\/#\\\/schema\\\/person\\\/c3c1df3a62236ae6a6ac35940724673f\",\"name\":\"ehme_adm\",\"image\":{\"@type\":\"ImageObject\",\"inLanguage\":\"es\",\"@id\":\"https:\\\/\\\/secure.gravatar.com\\\/avatar\\\/96ee52075299345544bd8a4cfa0e980cf23d506270bf1080483417c5f548a9dc?s=96&d=mm&r=g\",\"url\":\"https:\\\/\\\/secure.gravatar.com\\\/avatar\\\/96ee52075299345544bd8a4cfa0e980cf23d506270bf1080483417c5f548a9dc?s=96&d=mm&r=g\",\"contentUrl\":\"https:\\\/\\\/secure.gravatar.com\\\/avatar\\\/96ee52075299345544bd8a4cfa0e980cf23d506270bf1080483417c5f548a9dc?s=96&d=mm&r=g\",\"caption\":\"ehme_adm\"}}]}<\/script>\n<!-- \/ Yoast SEO plugin. -->","yoast_head_json":{"title":"MUSIKALEAN 2025 - EHME","robots":{"index":"index","follow":"follow","max-snippet":"max-snippet:-1","max-image-preview":"max-image-preview:large","max-video-preview":"max-video-preview:-1"},"canonical":"https:\/\/ehme.eu\/es\/musikalean-2025\/","og_locale":"es_ES","og_type":"article","og_title":"MUSIKALEAN 2025 - EHME","og_description":"Con motivo de Santa Cecilia, patrona de los m\u00fasicos, Euskal Herriko Musika Eskolen Elkartea por decimos\u00e9ptimo a\u00f1o consecutivo, pone en marcha \u00a0MUSIKALEAN, actividad en la que participar\u00e1n 51 Escuelas de M\u00fasica y Danza asociadas a EHME. As\u00ed, desde el pr\u00f3ximo \u00a017\u00a0 hasta el 23\u00a0de noviembre,\u00a0mas de 2700 alumnos y profesores de estos centros sacar\u00e1n la [&hellip;]","og_url":"https:\/\/ehme.eu\/es\/musikalean-2025\/","og_site_name":"EHME","article_published_time":"2025-10-28T13:40:03+00:00","article_modified_time":"2025-10-28T13:58:17+00:00","og_image":[{"width":683,"height":643,"url":"https:\/\/ehme.eu\/wp-content\/uploads\/2025\/10\/camiseta.png","type":"image\/png"}],"author":"ehme_adm","twitter_card":"summary_large_image","twitter_misc":{"Escrito por":"ehme_adm","Tiempo de lectura":"1 minuto"},"schema":{"@context":"https:\/\/schema.org","@graph":[{"@type":"Article","@id":"https:\/\/ehme.eu\/es\/musikalean-2025\/#article","isPartOf":{"@id":"https:\/\/ehme.eu\/es\/musikalean-2025\/"},"author":{"name":"ehme_adm","@id":"https:\/\/ehme.eu\/#\/schema\/person\/c3c1df3a62236ae6a6ac35940724673f"},"headline":"MUSIKALEAN 2025","datePublished":"2025-10-28T13:40:03+00:00","dateModified":"2025-10-28T13:58:17+00:00","mainEntityOfPage":{"@id":"https:\/\/ehme.eu\/es\/musikalean-2025\/"},"wordCount":123,"image":{"@id":"https:\/\/ehme.eu\/es\/musikalean-2025\/#primaryimage"},"thumbnailUrl":"https:\/\/ehme.eu\/wp-content\/uploads\/2025\/10\/camiseta.png","articleSection":["General","Noticias"],"inLanguage":"es"},{"@type":"WebPage","@id":"https:\/\/ehme.eu\/es\/musikalean-2025\/","url":"https:\/\/ehme.eu\/es\/musikalean-2025\/","name":"MUSIKALEAN 2025 - EHME","isPartOf":{"@id":"https:\/\/ehme.eu\/#website"},"primaryImageOfPage":{"@id":"https:\/\/ehme.eu\/es\/musikalean-2025\/#primaryimage"},"image":{"@id":"https:\/\/ehme.eu\/es\/musikalean-2025\/#primaryimage"},"thumbnailUrl":"https:\/\/ehme.eu\/wp-content\/uploads\/2025\/10\/camiseta.png","datePublished":"2025-10-28T13:40:03+00:00","dateModified":"2025-10-28T13:58:17+00:00","author":{"@id":"https:\/\/ehme.eu\/#\/schema\/person\/c3c1df3a62236ae6a6ac35940724673f"},"breadcrumb":{"@id":"https:\/\/ehme.eu\/es\/musikalean-2025\/#breadcrumb"},"inLanguage":"es","potentialAction":[{"@type":"ReadAction","target":["https:\/\/ehme.eu\/es\/musikalean-2025\/"]}]},{"@type":"ImageObject","inLanguage":"es","@id":"https:\/\/ehme.eu\/es\/musikalean-2025\/#primaryimage","url":"https:\/\/ehme.eu\/wp-content\/uploads\/2025\/10\/camiseta.png","contentUrl":"https:\/\/ehme.eu\/wp-content\/uploads\/2025\/10\/camiseta.png","width":683,"height":643},{"@type":"BreadcrumbList","@id":"https:\/\/ehme.eu\/es\/musikalean-2025\/#breadcrumb","itemListElement":[{"@type":"ListItem","position":1,"name":"Portada","item":"https:\/\/ehme.eu\/es\/"},{"@type":"ListItem","position":2,"name":"MUSIKALEAN 2025"}]},{"@type":"WebSite","@id":"https:\/\/ehme.eu\/#website","url":"https:\/\/ehme.eu\/","name":"EHME","description":"Asociaci\u00f3n de Escuelas de M\u00fasica y Danza del Pa\u00eds Vasco","potentialAction":[{"@type":"SearchAction","target":{"@type":"EntryPoint","urlTemplate":"https:\/\/ehme.eu\/?s={search_term_string}"},"query-input":{"@type":"PropertyValueSpecification","valueRequired":true,"valueName":"search_term_string"}}],"inLanguage":"es"},{"@type":"Person","@id":"https:\/\/ehme.eu\/#\/schema\/person\/c3c1df3a62236ae6a6ac35940724673f","name":"ehme_adm","image":{"@type":"ImageObject","inLanguage":"es","@id":"https:\/\/secure.gravatar.com\/avatar\/96ee52075299345544bd8a4cfa0e980cf23d506270bf1080483417c5f548a9dc?s=96&d=mm&r=g","url":"https:\/\/secure.gravatar.com\/avatar\/96ee52075299345544bd8a4cfa0e980cf23d506270bf1080483417c5f548a9dc?s=96&d=mm&r=g","contentUrl":"https:\/\/secure.gravatar.com\/avatar\/96ee52075299345544bd8a4cfa0e980cf23d506270bf1080483417c5f548a9dc?s=96&d=mm&r=g","caption":"ehme_adm"}}]}},"_links":{"self":[{"href":"https:\/\/ehme.eu\/es\/wp-json\/wp\/v2\/posts\/139978","targetHints":{"allow":["GET"]}}],"collection":[{"href":"https:\/\/ehme.eu\/es\/wp-json\/wp\/v2\/posts"}],"about":[{"href":"https:\/\/ehme.eu\/es\/wp-json\/wp\/v2\/types\/post"}],"author":[{"embeddable":true,"href":"https:\/\/ehme.eu\/es\/wp-json\/wp\/v2\/users\/9"}],"replies":[{"embeddable":true,"href":"https:\/\/ehme.eu\/es\/wp-json\/wp\/v2\/comments?post=139978"}],"version-history":[{"count":1,"href":"https:\/\/ehme.eu\/es\/wp-json\/wp\/v2\/posts\/139978\/revisions"}],"predecessor-version":[{"id":139981,"href":"https:\/\/ehme.eu\/es\/wp-json\/wp\/v2\/posts\/139978\/revisions\/139981"}],"wp:featuredmedia":[{"embeddable":true,"href":"https:\/\/ehme.eu\/es\/wp-json\/wp\/v2\/media\/139979"}],"wp:attachment":[{"href":"https:\/\/ehme.eu\/es\/wp-json\/wp\/v2\/media?parent=139978"}],"wp:term":[{"taxonomy":"category","embeddable":true,"href":"https:\/\/ehme.eu\/es\/wp-json\/wp\/v2\/categories?post=139978"},{"taxonomy":"post_tag","embeddable":true,"href":"https:\/\/ehme.eu\/es\/wp-json\/wp\/v2\/tags?post=139978"}],"curies":[{"name":"wp","href":"https:\/\/api.w.org\/{rel}","templated":true}]}}